{"id":8476,"date":"2025-07-24T10:20:32","date_gmt":"2025-07-24T10:20:32","guid":{"rendered":"https:\/\/www.rotadoamanha.com\/?p=8476"},"modified":"2026-02-19T17:39:51","modified_gmt":"2026-02-19T17:39:51","slug":"lagos-de-covadonga","status":"publish","type":"post","link":"https:\/\/www.rotadoamanha.com\/en\/lagos-de-covadonga\/","title":{"rendered":"Covadonga Lakes, Europa Peaks"},"content":{"rendered":"<figure class=\"wp-block-image aligncenter size-full has-custom-border\"><img loading=\"lazy\" decoding=\"async\" width=\"1348\" height=\"900\" src=\"https:\/\/www.rotadoamanha.com\/wp-content\/uploads\/2025\/07\/LagosCovadonga_9.jpg\" alt=\"Lagos de Covadonga\" class=\"wp-image-8481\" style=\"border-width:3px;border-radius:20px\" srcset=\"https:\/\/www.rotadoamanha.com\/wp-content\/uploads\/2025\/07\/LagosCovadonga_9.jpg 1348w, https:\/\/www.rotadoamanha.com\/wp-content\/uploads\/2025\/07\/LagosCovadonga_9-300x200.jpg 300w, https:\/\/www.rotadoamanha.com\/wp-content\/uploads\/2025\/07\/LagosCovadonga_9-1024x684.jpg 1024w, https:\/\/www.rotadoamanha.com\/wp-content\/uploads\/2025\/07\/LagosCovadonga_9-768x513.jpg 768w, https:\/\/www.rotadoamanha.com\/wp-content\/uploads\/2025\/07\/LagosCovadonga_9-18x12.jpg 18w\" sizes=\"auto, (max-width: 1348px) 100vw, 1348px\" \/><\/figure>\n\n\n\n<div style=\"height:34px\" aria-hidden=\"true\" class=\"wp-block-spacer\"><\/div>\n\n\n\n<p class=\"wp-block-paragraph\">The <strong>Covadonga Lakes<\/strong>, in the Europa Peaks National Park, has easily become one of our all-time favourite destinations.<br>Not only is a visit to these lakes a must for anyone exploring the region, but we\u2019d even risk saying that this region is worth visiting just for this marvel alone!<\/p>\n\n\n\n<p class=\"wp-block-paragraph\">Here, to really take in the beauty and tranquillity of the area, we recommend a walk (PR-PNPE 2), which is well worth the effort.<\/p>\n\n\n\n<div style=\"height:38px\" aria-hidden=\"true\" class=\"wp-block-spacer\"><\/div>\n\n\n\n<div class=\"wp-block-columns is-layout-flex wp-container-core-columns-is-layout-7387b849 wp-block-columns-is-layout-flex\">\n<div class=\"wp-block-column is-layout-flow wp-block-column-is-layout-flow\" style=\"flex-basis:80%\">\n<iframe loading=\"lazy\" src=\"https:\/\/www.google.com\/maps\/d\/u\/0\/embed?mid=1zUQNWW0Ia_YDFggb-yaSdnF-nJq9f0Y&#038;ehbc=2E312F\" width=\"840\" height=\"480\"><\/iframe>\n<\/div>\n\n\n\n<div class=\"wp-block-column is-vertically-aligned-center is-layout-constrained wp-block-column-is-layout-constrained\" style=\"flex-basis:20%\">\n<div class=\"wp-block-uagb-counter uagb-block-1cd69d3b wp-block-uagb-counter--number\"><span class=\"wp-block-uagb-counter__icon\"><svg xmlns=\"https:\/\/www.w3.org\/2000\/svg\" viewbox=\"0 0 512 512\"><path d=\"M320 256C302.3 256 288 270.3 288 288C288 305.7 302.3 320 320 320H416C469 320 512 362.1 512 416C512 469 469 512 416 512H139.6C148.3 502.1 158.9 489.4 169.6 475.2C175.9 466.8 182.4 457.6 188.6 448H416C433.7 448 448 433.7 448 416C448 398.3 433.7 384 416 384H320C266.1 384 223.1 341 223.1 288C223.1 234.1 266.1 192 320 192H362.1C340.2 161.5 320 125.4 320 96C320 42.98 362.1 0 416 0C469 0 512 42.98 512 96C512 160 416 256 416 256H320zM416 128C433.7 128 448 113.7 448 96C448 78.33 433.7 64 416 64C398.3 64 384 78.33 384 96C384 113.7 398.3 128 416 128zM118.3 487.8C118.1 488 117.9 488.2 117.7 488.4C113.4 493.4 109.5 497.7 106.3 501.2C105.9 501.6 105.5 502 105.2 502.4C99.5 508.5 96 512 96 512C96 512 0 416 0 352C0 298.1 42.98 255.1 96 255.1C149 255.1 192 298.1 192 352C192 381.4 171.8 417.5 149.9 448C138.1 463.2 127.7 476.9 118.3 487.8L118.3 487.8zM95.1 384C113.7 384 127.1 369.7 127.1 352C127.1 334.3 113.7 320 95.1 320C78.33 320 63.1 334.3 63.1 352C63.1 369.7 78.33 384 95.1 384z\"><\/path><\/svg><\/span><div class=\"wp-block-uagb-counter__number\"><span class=\"uagb-counter-block-number\" data-duration=\"1.5\" data-to-value=\"6\" data-from-value=\"0\" data-delimiter=\",\"><\/span><span class=\"uagb-counter-block-suffix\">Km<\/span><\/div><div class=\"wp-block-uagb-counter__title\">In a circle<\/div><\/div>\n\n\n\n<div style=\"height:25px\" aria-hidden=\"true\" class=\"wp-block-spacer\"><\/div>\n\n\n\n<div class=\"wp-block-uagb-counter uagb-block-c354aedf wp-block-uagb-counter--number\"><span class=\"wp-block-uagb-counter__icon\"><svg xmlns=\"https:\/\/www.w3.org\/2000\/svg\" viewbox=\"0 0 448 512\"><path d=\"M272 0C289.7 0 304 14.33 304 32C304 49.67 289.7 64 272 64H256V98.45C293.5 104.2 327.7 120 355.7 143L377.4 121.4C389.9 108.9 410.1 108.9 422.6 121.4C435.1 133.9 435.1 154.1 422.6 166.6L398.5 190.8C419.7 223.3 432 262.2 432 304C432 418.9 338.9 512 224 512C109.1 512 16 418.9 16 304C16 200 92.32 113.8 192 98.45V64H176C158.3 64 144 49.67 144 32C144 14.33 158.3 0 176 0L272 0zM248 192C248 178.7 237.3 168 224 168C210.7 168 200 178.7 200 192V320C200 333.3 210.7 344 224 344C237.3 344 248 333.3 248 320V192z\"><\/path><\/svg><\/span><div class=\"wp-block-uagb-counter__number\"><span class=\"uagb-counter-block-number\" data-duration=\"1.5\" data-to-value=\"2.5\" data-from-value=\"0\" data-delimiter=\",\"><\/span><span class=\"uagb-counter-block-suffix\">H<\/span><\/div><div class=\"wp-block-uagb-counter__title\"><\/div><\/div>\n<\/div>\n<\/div>\n\n\n\n<div style=\"height:34px\" aria-hidden=\"true\" class=\"wp-block-spacer\"><\/div>\n\n\n\n<script async=\"\" src=\"https:\/\/pagead2.googlesyndication.com\/pagead\/js\/adsbygoogle.js\"><\/script>\n<!-- Verticais laterais -->\n<ins class=\"adsbygoogle\" style=\"display:block\" data-ad-client=\"ca-pub-4062967657049718\" data-ad-slot=\"8857927712\" data-ad-format=\"auto\" data-full-width-responsive=\"true\"><\/ins>\n<script>\n     (adsbygoogle = window.adsbygoogle || []).push({});\n<\/script>\n\n\n\n<div style=\"height:51px\" aria-hidden=\"true\" class=\"wp-block-spacer\"><\/div>\n\n\n\n<h2 class=\"wp-block-heading has-text-align-center\">The Covadonga Lakes<\/h2>\n\n\n\n<p class=\"wp-block-paragraph\">There are three lakes in Covadonga: Enol, Ercida and Bricial. However, Lake Bricial is seasonal and is only visible during periods of heavy rainfall or when the snow melts.<\/p>\n\n\n\n<p class=\"wp-block-paragraph\">Therefore, the best-known lakes are Lake Enol and Lake Ercida, which are situated at an altitude of over 1,000 metres above mean sea level and are of glacial origin.<\/p>\n\n\n\n<p class=\"wp-block-paragraph\">Lake Enol is situated at an altitude of 1,070 metres and covers an impressive area of 12 hectares. It reaches a depth of 23 metres. Lake Ercina, on the other hand, is situated at an altitude of almost 40 metres higher and is smaller, covering 8 hectares.<br>Every year, on 8 September, a celebration takes place by these lakes. The celebration involves divers, who retrieve from Lake Enol a statue of the Virgin of Covadonga (La Santina), which was submerged several metres deep in 1972. If you are curious about this celebration, you will find some photographs <a href=\"https:\/\/www.elcomercio.es\/oriente\/santina-emerge-aguas-enol-20210908201307-ga.html?ref=https%3A%2F%2Fwww.elcomercio.es%2Foriente%2Fsantina-emerge-aguas-enol-20210908201307-ga.html\" target=\"_blank\" rel=\"noopener\" title=\"\">here<\/a>.<\/p>\n\n\n\n<div style=\"height:50px\" aria-hidden=\"true\" class=\"wp-block-spacer\"><\/div>\n\n\n\n<h2 class=\"wp-block-heading has-text-align-center\">Beyond the Lakes<\/h2>\n\n\n\n<p class=\"wp-block-paragraph\">Although the main attraction is undoubtedly its lakes, there are other points of interest here:<\/p>\n\n\n\n<p class=\"wp-block-paragraph\">&#8211; <strong>Pedro Pidal Visitor Centre<\/strong>, next to the Buferrera car park, where the coaches stop. This centre is divided into several sections, including one dedicated to Pedro Pidal \u2013 1st Marquis of Villaviciosa, who was, amongst other things, one of the people responsible for the creation of the Europa Peaks National Park and the first person to reach the summit of the famous Naranjo de Bulnes. There is also, of course, plenty of information about the Europa Peaks.<br>Please note that the centre only opens at 10.00 am, so if you arrive earlier (as we did), it will be closed. At present (2024), admission is free.<\/p>\n\n\n\n<p class=\"wp-block-paragraph translation-block\">\u2013 <strong>Prince of Asturias Viewpoint<\/strong>. If you come from the car park and start climbing, passing the Pedro Pidal Visitor Centre, you will come to a path leading up to the Prince of Asturias Viewpoint. This viewpoint offers a slightly different perspective, as it faces away from the lakes, allowing visitors to take in the landscape of the Polje de Comeya. This is a plain formed by glacial waters, which is currently used for grazing livestock.<\/p>\n\n\n\n<p class=\"wp-block-paragraph translation-block\">\u2013 <strong>Buferrera Mines<\/strong>. Continuing on towards the lakes, you will come across the Buferrera Mines, which were used for the extraction of iron and manganese. These mines operated from the mid-19th century onwards, having been sold on several occasions and experiencing periods when extraction ceased, until their permanent closure in 1979. In this area there is also a sculpture paying tribute to this profession, called \u2018Homenaje al Minero\u2019.<\/p>\n\n\n\n<div style=\"height:41px\" aria-hidden=\"true\" class=\"wp-block-spacer\"><\/div>\n\n\n\n<figure class=\"wp-block-image aligncenter size-full has-custom-border\"><img loading=\"lazy\" decoding=\"async\" width=\"1400\" height=\"935\" src=\"https:\/\/www.rotadoamanha.com\/wp-content\/uploads\/2025\/07\/LagosCovadonga_3.jpg\" alt=\"Homenaje al Minero\" class=\"wp-image-8491\" style=\"border-width:3px;border-radius:20px\" srcset=\"https:\/\/www.rotadoamanha.com\/wp-content\/uploads\/2025\/07\/LagosCovadonga_3.jpg 1400w, https:\/\/www.rotadoamanha.com\/wp-content\/uploads\/2025\/07\/LagosCovadonga_3-300x200.jpg 300w, https:\/\/www.rotadoamanha.com\/wp-content\/uploads\/2025\/07\/LagosCovadonga_3-1024x684.jpg 1024w, https:\/\/www.rotadoamanha.com\/wp-content\/uploads\/2025\/07\/LagosCovadonga_3-768x513.jpg 768w, https:\/\/www.rotadoamanha.com\/wp-content\/uploads\/2025\/07\/LagosCovadonga_3-18x12.jpg 18w\" sizes=\"auto, (max-width: 1400px) 100vw, 1400px\" \/><figcaption class=\"wp-element-caption\">Monument in Honour of the Miner, in the area leading to the old mines<\/figcaption><\/figure>\n\n\n\n<div style=\"height:40px\" aria-hidden=\"true\" class=\"wp-block-spacer\"><\/div>\n\n\n\n<h3 class=\"wp-block-heading has-text-align-center\">The Buferrera mines stand as a testament to 200 years of mining history in the region<\/h3>\n\n\n\n<div style=\"height:42px\" aria-hidden=\"true\" class=\"wp-block-spacer\"><\/div>\n\n\n\n<script async=\"\" src=\"https:\/\/pagead2.googlesyndication.com\/pagead\/js\/adsbygoogle.js\"><\/script>\n<!-- Verticais laterais -->\n<ins class=\"adsbygoogle\" style=\"display:block\" data-ad-client=\"ca-pub-4062967657049718\" data-ad-slot=\"8857927712\" data-ad-format=\"auto\" data-full-width-responsive=\"true\"><\/ins>\n<script>\n     (adsbygoogle = window.adsbygoogle || []).push({});\n<\/script>\n\n\n\n<div style=\"height:34px\" aria-hidden=\"true\" class=\"wp-block-spacer\"><\/div>\n\n\n\n<p class=\"wp-block-paragraph translation-block\">\u2013 <strong>Entrelagos Viewpoint<\/strong>. As its name suggests (in spanish), this viewpoint is situated in the area separating the two lakes. It therefore offers a view of both Lake Enol and Lake Ercida at the same time.<\/p>\n\n\n\n<div style=\"height:39px\" aria-hidden=\"true\" class=\"wp-block-spacer\"><\/div>\n\n\n\n<div class=\"wp-block-columns is-layout-flex wp-container-core-columns-is-layout-7387b849 wp-block-columns-is-layout-flex\">\n<div class=\"wp-block-column is-layout-flow wp-block-column-is-layout-flow\">\n<figure class=\"wp-block-image aligncenter size-full has-custom-border\"><img loading=\"lazy\" decoding=\"async\" width=\"1500\" height=\"1001\" src=\"https:\/\/www.rotadoamanha.com\/wp-content\/uploads\/2025\/07\/LagosCovadonga_2.jpg\" alt=\"\" class=\"wp-image-8483\" style=\"border-width:3px;border-radius:20px\" srcset=\"https:\/\/www.rotadoamanha.com\/wp-content\/uploads\/2025\/07\/LagosCovadonga_2.jpg 1500w, https:\/\/www.rotadoamanha.com\/wp-content\/uploads\/2025\/07\/LagosCovadonga_2-300x200.jpg 300w, https:\/\/www.rotadoamanha.com\/wp-content\/uploads\/2025\/07\/LagosCovadonga_2-1024x683.jpg 1024w, https:\/\/www.rotadoamanha.com\/wp-content\/uploads\/2025\/07\/LagosCovadonga_2-768x513.jpg 768w, https:\/\/www.rotadoamanha.com\/wp-content\/uploads\/2025\/07\/LagosCovadonga_2-18x12.jpg 18w\" sizes=\"auto, (max-width: 1500px) 100vw, 1500px\" \/><figcaption class=\"wp-element-caption\">Buferrera Mines<\/figcaption><\/figure>\n<\/div>\n\n\n\n<div class=\"wp-block-column is-layout-flow wp-block-column-is-layout-flow\">\n<figure class=\"wp-block-image aligncenter size-full has-custom-border\"><img loading=\"lazy\" decoding=\"async\" width=\"1200\" height=\"801\" src=\"https:\/\/www.rotadoamanha.com\/wp-content\/uploads\/2025\/07\/LagosCovadonga_12.jpg\" alt=\"\" class=\"wp-image-8484\" style=\"border-width:3px;border-radius:20px\" srcset=\"https:\/\/www.rotadoamanha.com\/wp-content\/uploads\/2025\/07\/LagosCovadonga_12.jpg 1200w, https:\/\/www.rotadoamanha.com\/wp-content\/uploads\/2025\/07\/LagosCovadonga_12-300x200.jpg 300w, https:\/\/www.rotadoamanha.com\/wp-content\/uploads\/2025\/07\/LagosCovadonga_12-1024x684.jpg 1024w, https:\/\/www.rotadoamanha.com\/wp-content\/uploads\/2025\/07\/LagosCovadonga_12-768x513.jpg 768w, https:\/\/www.rotadoamanha.com\/wp-content\/uploads\/2025\/07\/LagosCovadonga_12-18x12.jpg 18w\" sizes=\"auto, (max-width: 1200px) 100vw, 1200px\" \/><figcaption class=\"wp-element-caption\">Lake Enol, as seen from the Entrelagos viewpoint<\/figcaption><\/figure>\n<\/div>\n<\/div>\n\n\n\n<div style=\"height:41px\" aria-hidden=\"true\" class=\"wp-block-spacer\"><\/div>\n\n\n\n<p class=\"wp-block-paragraph translation-block\">\u2013 <strong>Princeess Viewpoint<\/strong>. Continuing on from the previous viewpoint towards Lake Enol, you will come to the Princess Viewpoint. This is dedicated to Leonor, Princess of Asturias, heir to the Spanish throne. The viewpoint was inaugurated on the centenary of the park in which it is situated, offering views of Lake Enol and, in the background, the incredible Picos de Europa.<\/p>\n\n\n\n<p class=\"wp-block-paragraph translation-block\">\u2013 <strong>El Buen Pastor Chapel<\/strong>. If you head past Lake Enol and walk towards the Peaks landscape, you\u2019ll come across this beautiful chapel. For those tackling the PR-PNPE 2 trail, this is one of the points along the route. <br>Visiting this chapel is an incredible experience, particularly as it is surrounded by sheep and sheepdogs, which seem to belong perfectly to the landscape.<\/p>\n\n\n\n<div style=\"height:47px\" aria-hidden=\"true\" class=\"wp-block-spacer\"><\/div>\n\n\n\n<figure class=\"wp-block-image aligncenter size-full has-custom-border\"><img loading=\"lazy\" decoding=\"async\" width=\"1600\" height=\"1068\" src=\"https:\/\/www.rotadoamanha.com\/wp-content\/uploads\/2025\/07\/LagosCovadonga_14.jpg\" alt=\"\" class=\"wp-image-8485\" style=\"border-width:3px;border-radius:20px\" srcset=\"https:\/\/www.rotadoamanha.com\/wp-content\/uploads\/2025\/07\/LagosCovadonga_14.jpg 1600w, https:\/\/www.rotadoamanha.com\/wp-content\/uploads\/2025\/07\/LagosCovadonga_14-300x200.jpg 300w, https:\/\/www.rotadoamanha.com\/wp-content\/uploads\/2025\/07\/LagosCovadonga_14-1024x684.jpg 1024w, https:\/\/www.rotadoamanha.com\/wp-content\/uploads\/2025\/07\/LagosCovadonga_14-768x513.jpg 768w, https:\/\/www.rotadoamanha.com\/wp-content\/uploads\/2025\/07\/LagosCovadonga_14-1536x1025.jpg 1536w, https:\/\/www.rotadoamanha.com\/wp-content\/uploads\/2025\/07\/LagosCovadonga_14-18x12.jpg 18w\" sizes=\"auto, (max-width: 1600px) 100vw, 1600px\" \/><figcaption class=\"wp-element-caption\">The beautiful Chapel of El Buen Pastor<\/figcaption><\/figure>\n\n\n\n<div style=\"height:41px\" aria-hidden=\"true\" class=\"wp-block-spacer\"><\/div>\n\n\n\n<p class=\"wp-block-paragraph translation-block\">For those who wish to spend the whole day at the Covadonga Lakes or pop in at mealtimes, there are also two <strong>restaurants<\/strong>: Merendero de los Lagos and Maria Rosa.<\/p>\n\n\n\n<div style=\"height:41px\" aria-hidden=\"true\" class=\"wp-block-spacer\"><\/div>\n\n\n\n<h2 class=\"wp-block-heading has-text-align-center\">How to get to the Covadonga Lakes and Access Restrictions<\/h2>\n\n\n\n<p class=\"wp-block-paragraph translation-block\">Depending on the time of year, getting to the Covadonga Lakes may not be as straightforward as simply driving there.<br>There are two <strong>car parks for private cars<\/strong> on arrival at the lakes: one next to Lake Ercida, with around 60 spaces, and another, larger one, near the Pedro Pidal Visitor Centre.<\/p>\n\n\n\n<figure class=\"wp-block-image alignleft size-large is-resized has-custom-border\"><img loading=\"lazy\" decoding=\"async\" width=\"684\" height=\"1024\" src=\"https:\/\/www.rotadoamanha.com\/wp-content\/uploads\/2025\/07\/LagosCovadonga_11-684x1024.jpg\" alt=\"Acesso ao Lago Ernida\" class=\"wp-image-8501\" style=\"border-width:3px;border-radius:20px;width:auto;height:550px\" srcset=\"https:\/\/www.rotadoamanha.com\/wp-content\/uploads\/2025\/07\/LagosCovadonga_11-684x1024.jpg 684w, https:\/\/www.rotadoamanha.com\/wp-content\/uploads\/2025\/07\/LagosCovadonga_11-200x300.jpg 200w, https:\/\/www.rotadoamanha.com\/wp-content\/uploads\/2025\/07\/LagosCovadonga_11-768x1151.jpg 768w, https:\/\/www.rotadoamanha.com\/wp-content\/uploads\/2025\/07\/LagosCovadonga_11-8x12.jpg 8w, https:\/\/www.rotadoamanha.com\/wp-content\/uploads\/2025\/07\/LagosCovadonga_11.jpg 801w\" sizes=\"auto, (max-width: 684px) 100vw, 684px\" \/><figcaption class=\"wp-element-caption\">Acesso ao Lago Ernida<\/figcaption><\/figure>\n\n\n\n<p class=\"wp-block-paragraph\">However, the <strong>access to the lakes is restricted during the peak months<\/strong>, where access is prohibited. It is best to check this on the <a href=\"https:\/\/www.turismoasturias.es\/pt\/organiza-tu-viaje\/como-llegar\/acceso-a-lagos\" target=\"_blank\" rel=\"noopener\" title=\"\">the official Asturias Tourism website (here)<\/a> the days you plan to visit. But be prepared for it to be closed on most days between June and October.<\/p>\n\n\n\n<p class=\"wp-block-paragraph translation-block\">If you are visiting on one of the restricted-access days, you will need to book a <strong>bus<\/strong> journey. To do this, you should first choose which car park is most convenient for you (you can check the map via the link above):<\/p>\n\n\n\n<ul class=\"wp-block-list\">\n<li>P1 \u2013 Cangas de On\u00eds Bus Station<\/li>\n\n\n\n<li>P2 \u2013 El Bosque car park<\/li>\n\n\n\n<li>P3 \u2013 Mu\u00f1igu car park<\/li>\n\n\n\n<li>P4 \u2013 El Repelao car park<\/li>\n<\/ul>\n\n\n\n<p class=\"wp-block-paragraph\">Please note that some car parks close at certain times of the year and that buses will follow different routes.<\/p>\n\n\n\n<p class=\"wp-block-paragraph\">We also recommend that you buy your ticket online and in advance, as they often sell out. When you buy your ticket, you will need to specify your return time, although you can choose to travel on a bus at a different time, provided there are seats available.<\/p>\n\n\n\n<div style=\"height:46px\" aria-hidden=\"true\" class=\"wp-block-spacer\"><\/div>\n\n\n\n<h3 class=\"wp-block-heading has-text-align-center\">Private vehicles are not permitted to access the Covadonga Lakes during the high season; use of the bus service is mandatory.<\/h3>\n\n\n\n<div style=\"height:42px\" aria-hidden=\"true\" class=\"wp-block-spacer\"><\/div>\n\n\n\n<p class=\"wp-block-paragraph translation-block\">The <strong>bus ticket<\/strong> costs \u20ac9 per adult for a return journey (in 2024) and can be purchased online (<a href=\"https:\/\/www.buslagoscovadonga.es\/home\" target=\"_blank\" rel=\"noopener\" title=\"\">here<\/a>).<\/p>\n\n\n\n<p class=\"wp-block-paragraph\">In our case, we chose to catch the bus from P1 (where there are far more seats) at 8 am, the first journey of the day. This was undoubtedly the right choice. On the one hand, we were able to watch the sunrise over the European Peaks and, on the other, we got to enjoy the lakes with far fewer people around. Our return journey was scheduled for 1.05 pm, but we ended up catching the bus earlier (12.05 pm), as we had time to spare, even after the walk.<\/p>\n\n\n\n<p class=\"wp-block-paragraph\">To get back earlier, we had to join a queue with everyone else who wanted to return but had a ticket for a different time. We waited there for about 15 minutes until everyone whose return journey was scheduled for that time had boarded. Then the queue began to board in order of arrival (regardless of the return time), until the bus was full.<\/p>\n\n\n\n<p class=\"wp-block-paragraph translation-block\">On the way back, the bus stops at the entrance to the <strong>Shrine of Our Lady of Covadonga<\/strong>, and you can choose to get off and catch a bus later. That\u2019s what we did: we got off, had a look around, and then returned to the bus stop. Within minutes, a bus arrived (marked \u2018P1\u2019 on the windscreen) which took us back to the car park \u2013 there are always people arriving from the Lakes and getting off at this stop, so there are usually spaces available at any time.<\/p>\n\n\n\n<div style=\"height:41px\" aria-hidden=\"true\" class=\"wp-block-spacer\"><\/div>\n\n\n\n<div class=\"wp-block-columns is-layout-flex wp-container-core-columns-is-layout-7387b849 wp-block-columns-is-layout-flex\">\n<div class=\"wp-block-column is-layout-flow wp-block-column-is-layout-flow\">\n<figure class=\"wp-block-image aligncenter size-full has-custom-border\"><img loading=\"lazy\" decoding=\"async\" width=\"1500\" height=\"1001\" src=\"https:\/\/www.rotadoamanha.com\/wp-content\/uploads\/2025\/07\/LagosCovadonga_8.jpg\" alt=\"\" class=\"wp-image-8503\" style=\"border-width:3px;border-radius:20px\" srcset=\"https:\/\/www.rotadoamanha.com\/wp-content\/uploads\/2025\/07\/LagosCovadonga_8.jpg 1500w, https:\/\/www.rotadoamanha.com\/wp-content\/uploads\/2025\/07\/LagosCovadonga_8-300x200.jpg 300w, https:\/\/www.rotadoamanha.com\/wp-content\/uploads\/2025\/07\/LagosCovadonga_8-1024x683.jpg 1024w, https:\/\/www.rotadoamanha.com\/wp-content\/uploads\/2025\/07\/LagosCovadonga_8-768x513.jpg 768w, https:\/\/www.rotadoamanha.com\/wp-content\/uploads\/2025\/07\/LagosCovadonga_8-18x12.jpg 18w\" sizes=\"auto, (max-width: 1500px) 100vw, 1500px\" \/><\/figure>\n<\/div>\n\n\n\n<div class=\"wp-block-column is-layout-flow wp-block-column-is-layout-flow\">\n<figure class=\"wp-block-image aligncenter size-full has-custom-border\"><img loading=\"lazy\" decoding=\"async\" width=\"1400\" height=\"935\" src=\"https:\/\/www.rotadoamanha.com\/wp-content\/uploads\/2025\/07\/LagosCovadonga_6.jpg\" alt=\"\" class=\"wp-image-8504\" style=\"border-width:3px;border-radius:20px\" srcset=\"https:\/\/www.rotadoamanha.com\/wp-content\/uploads\/2025\/07\/LagosCovadonga_6.jpg 1400w, https:\/\/www.rotadoamanha.com\/wp-content\/uploads\/2025\/07\/LagosCovadonga_6-300x200.jpg 300w, https:\/\/www.rotadoamanha.com\/wp-content\/uploads\/2025\/07\/LagosCovadonga_6-1024x684.jpg 1024w, https:\/\/www.rotadoamanha.com\/wp-content\/uploads\/2025\/07\/LagosCovadonga_6-768x513.jpg 768w, https:\/\/www.rotadoamanha.com\/wp-content\/uploads\/2025\/07\/LagosCovadonga_6-18x12.jpg 18w\" sizes=\"auto, (max-width: 1400px) 100vw, 1400px\" \/><\/figure>\n<\/div>\n<\/div>\n\n\n\n<div style=\"height:42px\" aria-hidden=\"true\" class=\"wp-block-spacer\"><\/div>\n\n\n\n<script async=\"\" src=\"https:\/\/pagead2.googlesyndication.com\/pagead\/js\/adsbygoogle.js\"><\/script>\n<!-- Verticais laterais -->\n<ins class=\"adsbygoogle\" style=\"display:block\" data-ad-client=\"ca-pub-4062967657049718\" data-ad-slot=\"8857927712\" data-ad-format=\"auto\" data-full-width-responsive=\"true\"><\/ins>\n<script>\n     (adsbygoogle = window.adsbygoogle || []).push({});\n<\/script>\n\n\n\n<div style=\"height:44px\" aria-hidden=\"true\" class=\"wp-block-spacer\"><\/div>\n\n\n\n<h2 class=\"wp-block-heading has-text-align-center\">PR-PNPE 2 Trail: Covadonga Lakes Route<\/h2>\n\n\n\n<p class=\"wp-block-paragraph\">For those who enjoy a walk and getting away from the crowds, we recommend the PR-PNPE 2 trail.<\/p>\n\n\n\n<p class=\"wp-block-paragraph translation-block\">The trail is <strong>circular<\/strong> and is around <strong>5\u20136 km<\/strong> long. Despite its location, the trail does not involve any significant changes in altitude, so it is relatively easy. There are, however, a few sections of uneven terrain, so you will need to wear comfortable, non-slip shoes. You can view the <a href=\"https:\/\/www.miteco.gob.es\/content\/dam\/miteco\/es\/parques-nacionales-oapn\/red-parques-nacionales\/parques-nacionales\/ruta_pr_02_tcm30-69771.pdf\" target=\"\u2018_blank\u2019\" rel=\"noopener\" title=\"\">trail map here<\/a>. Although the trail is signposted, there are some sections where the markings are not easy to spot, so you\u2019ll need to pay attention.<\/p>\n\n\n\n<p class=\"wp-block-paragraph translation-block\">Setting off from the car park, we head towards the Pedro Pidal Visitor Centre and, from there, continue <strong>towards the Buferrera Mines<\/strong>. After the mines, you\u2019ll see signs for a shorter version of the trail (around 3 km). However, we\u2019ll take the longer route to Lake Ercina.<\/p>\n\n\n\n<div style=\"height:35px\" aria-hidden=\"true\" class=\"wp-block-spacer\"><\/div>\n\n\n\n<div class=\"wp-block-columns is-layout-flex wp-container-core-columns-is-layout-7387b849 wp-block-columns-is-layout-flex\">\n<div class=\"wp-block-column is-layout-flow wp-block-column-is-layout-flow\">\n<figure class=\"wp-block-image aligncenter size-large has-custom-border\"><img loading=\"lazy\" decoding=\"async\" width=\"684\" height=\"1024\" src=\"https:\/\/www.rotadoamanha.com\/wp-content\/uploads\/2025\/07\/LagosCovadonga_4-684x1024.jpg\" alt=\"\" class=\"wp-image-8488\" style=\"border-width:3px;border-radius:20px\" srcset=\"https:\/\/www.rotadoamanha.com\/wp-content\/uploads\/2025\/07\/LagosCovadonga_4-684x1024.jpg 684w, https:\/\/www.rotadoamanha.com\/wp-content\/uploads\/2025\/07\/LagosCovadonga_4-200x300.jpg 200w, https:\/\/www.rotadoamanha.com\/wp-content\/uploads\/2025\/07\/LagosCovadonga_4-768x1150.jpg 768w, https:\/\/www.rotadoamanha.com\/wp-content\/uploads\/2025\/07\/LagosCovadonga_4-8x12.jpg 8w, https:\/\/www.rotadoamanha.com\/wp-content\/uploads\/2025\/07\/LagosCovadonga_4.jpg 900w\" sizes=\"auto, (max-width: 684px) 100vw, 684px\" \/><figcaption class=\"wp-element-caption\">Buferrera Mines<\/figcaption><\/figure>\n<\/div>\n\n\n\n<div class=\"wp-block-column is-layout-flow wp-block-column-is-layout-flow\">\n<figure class=\"wp-block-image aligncenter size-full has-custom-border\"><img loading=\"lazy\" decoding=\"async\" width=\"900\" height=\"1348\" src=\"https:\/\/www.rotadoamanha.com\/wp-content\/uploads\/2025\/07\/LagosCovadonga_5.jpg\" alt=\"\" class=\"wp-image-8489\" style=\"border-width:3px;border-radius:20px\" srcset=\"https:\/\/www.rotadoamanha.com\/wp-content\/uploads\/2025\/07\/LagosCovadonga_5.jpg 900w, https:\/\/www.rotadoamanha.com\/wp-content\/uploads\/2025\/07\/LagosCovadonga_5-200x300.jpg 200w, https:\/\/www.rotadoamanha.com\/wp-content\/uploads\/2025\/07\/LagosCovadonga_5-684x1024.jpg 684w, https:\/\/www.rotadoamanha.com\/wp-content\/uploads\/2025\/07\/LagosCovadonga_5-768x1150.jpg 768w, https:\/\/www.rotadoamanha.com\/wp-content\/uploads\/2025\/07\/LagosCovadonga_5-8x12.jpg 8w\" sizes=\"auto, (max-width: 900px) 100vw, 900px\" \/><figcaption class=\"wp-element-caption\">The Trail from Minas to Lake Ercina<\/figcaption><\/figure>\n<\/div>\n\n\n\n<div class=\"wp-block-column is-layout-flow wp-block-column-is-layout-flow\">\n<figure class=\"wp-block-image aligncenter size-full has-custom-border\"><img loading=\"lazy\" decoding=\"async\" width=\"800\" height=\"1200\" src=\"https:\/\/www.rotadoamanha.com\/wp-content\/uploads\/2025\/07\/LagosCovadonga_7.jpg\" alt=\"\" class=\"wp-image-8490\" style=\"border-width:3px;border-radius:20px\" srcset=\"https:\/\/www.rotadoamanha.com\/wp-content\/uploads\/2025\/07\/LagosCovadonga_7.jpg 800w, https:\/\/www.rotadoamanha.com\/wp-content\/uploads\/2025\/07\/LagosCovadonga_7-200x300.jpg 200w, https:\/\/www.rotadoamanha.com\/wp-content\/uploads\/2025\/07\/LagosCovadonga_7-683x1024.jpg 683w, https:\/\/www.rotadoamanha.com\/wp-content\/uploads\/2025\/07\/LagosCovadonga_7-768x1152.jpg 768w, https:\/\/www.rotadoamanha.com\/wp-content\/uploads\/2025\/07\/LagosCovadonga_7-8x12.jpg 8w\" sizes=\"auto, (max-width: 800px) 100vw, 800px\" \/><figcaption class=\"wp-element-caption\">Continuation of the trail<\/figcaption><\/figure>\n<\/div>\n<\/div>\n\n\n\n<div style=\"height:45px\" aria-hidden=\"true\" class=\"wp-block-spacer\"><\/div>\n\n\n\n<h3 class=\"wp-block-heading has-text-align-center\">The PR-PNPE 2 trail takes us past the main sights of the Covadonga Lakes<\/h3>\n\n\n\n<div style=\"height:40px\" aria-hidden=\"true\" class=\"wp-block-spacer\"><\/div>\n\n\n\n<p class=\"wp-block-paragraph\">At Lake Ercina, we couldn\u2019t work out where the path went, so we ended up heading towards Lake Enol. There, we joined the other end of the path and walked the route in the opposite direction to what we had originally planned.<\/p>\n\n\n\n<p class=\"wp-block-paragraph translation-block\">However, strange as it may seem, <strong>the path literally runs alongside Lake Ercina<\/strong>. When you\u2019re facing the lake, keep to the right and walk alongside it. Here you\u2019ll have to climb over some rocks (which aren\u2019t much fun to climb down in the opposite direction).<\/p>\n\n\n\n<div style=\"height:47px\" aria-hidden=\"true\" class=\"wp-block-spacer\"><\/div>\n\n\n\n<figure class=\"wp-block-image aligncenter size-full has-custom-border\"><img loading=\"lazy\" decoding=\"async\" width=\"1500\" height=\"1001\" src=\"https:\/\/www.rotadoamanha.com\/wp-content\/uploads\/2025\/07\/LagosCovadonga_10.jpg\" alt=\"Lago Ercina\" class=\"wp-image-8493\" style=\"border-width:3px;border-radius:20px\" srcset=\"https:\/\/www.rotadoamanha.com\/wp-content\/uploads\/2025\/07\/LagosCovadonga_10.jpg 1500w, https:\/\/www.rotadoamanha.com\/wp-content\/uploads\/2025\/07\/LagosCovadonga_10-300x200.jpg 300w, https:\/\/www.rotadoamanha.com\/wp-content\/uploads\/2025\/07\/LagosCovadonga_10-1024x683.jpg 1024w, https:\/\/www.rotadoamanha.com\/wp-content\/uploads\/2025\/07\/LagosCovadonga_10-768x513.jpg 768w, https:\/\/www.rotadoamanha.com\/wp-content\/uploads\/2025\/07\/LagosCovadonga_10-18x12.jpg 18w\" sizes=\"auto, (max-width: 1500px) 100vw, 1500px\" \/><figcaption class=\"wp-element-caption\">Lake Ercina<\/figcaption><\/figure>\n\n\n\n<div style=\"height:40px\" aria-hidden=\"true\" class=\"wp-block-spacer\"><\/div>\n\n\n\n<p class=\"wp-block-paragraph translation-block\">From here, you will walk around the <strong>Pico del Mosquital<\/strong>, passing through an area with denser vegetation. This is also the section where the terrain is most unpredictable. Along the way, be prepared to encounter various animals, particularly cows, which are a key feature of the Europa Peaks landscape.<\/p>\n\n\n\n<div style=\"height:44px\" aria-hidden=\"true\" class=\"wp-block-spacer\"><\/div>\n\n\n\n<div class=\"wp-block-columns is-layout-flex wp-container-core-columns-is-layout-7387b849 wp-block-columns-is-layout-flex\">\n<div class=\"wp-block-column is-layout-flow wp-block-column-is-layout-flow\">\n<figure class=\"wp-block-image aligncenter size-full has-custom-border\"><img loading=\"lazy\" decoding=\"async\" width=\"801\" height=\"1200\" src=\"https:\/\/www.rotadoamanha.com\/wp-content\/uploads\/2025\/07\/LagosCovadonga_17.jpg\" alt=\"\" class=\"wp-image-8495\" style=\"border-width:3px;border-radius:20px\" srcset=\"https:\/\/www.rotadoamanha.com\/wp-content\/uploads\/2025\/07\/LagosCovadonga_17.jpg 801w, https:\/\/www.rotadoamanha.com\/wp-content\/uploads\/2025\/07\/LagosCovadonga_17-200x300.jpg 200w, https:\/\/www.rotadoamanha.com\/wp-content\/uploads\/2025\/07\/LagosCovadonga_17-684x1024.jpg 684w, https:\/\/www.rotadoamanha.com\/wp-content\/uploads\/2025\/07\/LagosCovadonga_17-768x1151.jpg 768w, https:\/\/www.rotadoamanha.com\/wp-content\/uploads\/2025\/07\/LagosCovadonga_17-8x12.jpg 8w\" sizes=\"auto, (max-width: 801px) 100vw, 801px\" \/><\/figure>\n<\/div>\n\n\n\n<div class=\"wp-block-column is-layout-flow wp-block-column-is-layout-flow\">\n<figure class=\"wp-block-image aligncenter size-full has-custom-border\"><img loading=\"lazy\" decoding=\"async\" width=\"801\" height=\"1200\" src=\"https:\/\/www.rotadoamanha.com\/wp-content\/uploads\/2025\/07\/LagosCovadonga_19.jpg\" alt=\"\" class=\"wp-image-8496\" style=\"border-width:3px;border-radius:20px\" srcset=\"https:\/\/www.rotadoamanha.com\/wp-content\/uploads\/2025\/07\/LagosCovadonga_19.jpg 801w, https:\/\/www.rotadoamanha.com\/wp-content\/uploads\/2025\/07\/LagosCovadonga_19-200x300.jpg 200w, https:\/\/www.rotadoamanha.com\/wp-content\/uploads\/2025\/07\/LagosCovadonga_19-684x1024.jpg 684w, https:\/\/www.rotadoamanha.com\/wp-content\/uploads\/2025\/07\/LagosCovadonga_19-768x1151.jpg 768w, https:\/\/www.rotadoamanha.com\/wp-content\/uploads\/2025\/07\/LagosCovadonga_19-8x12.jpg 8w\" sizes=\"auto, (max-width: 801px) 100vw, 801px\" \/><\/figure>\n<\/div>\n<\/div>\n\n\n\n<div style=\"height:49px\" aria-hidden=\"true\" class=\"wp-block-spacer\"><\/div>\n\n\n\n<div class=\"wp-block-columns is-layout-flex wp-container-core-columns-is-layout-7387b849 wp-block-columns-is-layout-flex\">\n<div class=\"wp-block-column is-layout-flow wp-block-column-is-layout-flow\">\n<figure class=\"wp-block-image aligncenter size-full has-custom-border\"><img loading=\"lazy\" decoding=\"async\" width=\"801\" height=\"1200\" src=\"https:\/\/www.rotadoamanha.com\/wp-content\/uploads\/2025\/07\/LagosCovadonga_18.jpg\" alt=\"\" class=\"wp-image-8497\" style=\"border-width:3px;border-radius:20px\" srcset=\"https:\/\/www.rotadoamanha.com\/wp-content\/uploads\/2025\/07\/LagosCovadonga_18.jpg 801w, https:\/\/www.rotadoamanha.com\/wp-content\/uploads\/2025\/07\/LagosCovadonga_18-200x300.jpg 200w, https:\/\/www.rotadoamanha.com\/wp-content\/uploads\/2025\/07\/LagosCovadonga_18-684x1024.jpg 684w, https:\/\/www.rotadoamanha.com\/wp-content\/uploads\/2025\/07\/LagosCovadonga_18-768x1151.jpg 768w, https:\/\/www.rotadoamanha.com\/wp-content\/uploads\/2025\/07\/LagosCovadonga_18-8x12.jpg 8w\" sizes=\"auto, (max-width: 801px) 100vw, 801px\" \/><\/figure>\n<\/div>\n\n\n\n<div class=\"wp-block-column is-layout-flow wp-block-column-is-layout-flow\">\n<figure class=\"wp-block-image size-full has-custom-border\"><img loading=\"lazy\" decoding=\"async\" width=\"801\" height=\"1200\" src=\"https:\/\/www.rotadoamanha.com\/wp-content\/uploads\/2025\/07\/LagosCovadonga_16.jpg\" alt=\"\" class=\"wp-image-8498\" style=\"border-width:3px;border-radius:20px\" srcset=\"https:\/\/www.rotadoamanha.com\/wp-content\/uploads\/2025\/07\/LagosCovadonga_16.jpg 801w, https:\/\/www.rotadoamanha.com\/wp-content\/uploads\/2025\/07\/LagosCovadonga_16-200x300.jpg 200w, https:\/\/www.rotadoamanha.com\/wp-content\/uploads\/2025\/07\/LagosCovadonga_16-684x1024.jpg 684w, https:\/\/www.rotadoamanha.com\/wp-content\/uploads\/2025\/07\/LagosCovadonga_16-768x1151.jpg 768w, https:\/\/www.rotadoamanha.com\/wp-content\/uploads\/2025\/07\/LagosCovadonga_16-8x12.jpg 8w\" sizes=\"auto, (max-width: 801px) 100vw, 801px\" \/><\/figure>\n<\/div>\n<\/div>\n\n\n\n<div style=\"height:52px\" aria-hidden=\"true\" class=\"wp-block-spacer\"><\/div>\n\n\n\n<p class=\"wp-block-paragraph\">The path opens out once more, heading towards Lake Enol, and you will pass the 'Pastores' House Refuge (on the left) and the Chapel of El Buen Pastor (on the right). Between these two points, hundreds of sheep, tended by half a dozen sheepdogs, complete the scene.<\/p>\n\n\n\n<div style=\"height:43px\" aria-hidden=\"true\" class=\"wp-block-spacer\"><\/div>\n\n\n\n<div class=\"wp-block-columns is-layout-flex wp-container-core-columns-is-layout-7387b849 wp-block-columns-is-layout-flex\">\n<div class=\"wp-block-column is-layout-flow wp-block-column-is-layout-flow\">\n<figure class=\"wp-block-image aligncenter size-large has-custom-border\"><img loading=\"lazy\" decoding=\"async\" width=\"1024\" height=\"683\" src=\"https:\/\/www.rotadoamanha.com\/wp-content\/uploads\/2025\/07\/LagosCovadonga_15-1024x683.jpg\" alt=\"\" class=\"wp-image-8499\" style=\"border-width:3px;border-radius:20px\" srcset=\"https:\/\/www.rotadoamanha.com\/wp-content\/uploads\/2025\/07\/LagosCovadonga_15-1024x683.jpg 1024w, https:\/\/www.rotadoamanha.com\/wp-content\/uploads\/2025\/07\/LagosCovadonga_15-300x200.jpg 300w, https:\/\/www.rotadoamanha.com\/wp-content\/uploads\/2025\/07\/LagosCovadonga_15-768x513.jpg 768w, https:\/\/www.rotadoamanha.com\/wp-content\/uploads\/2025\/07\/LagosCovadonga_15-18x12.jpg 18w, https:\/\/www.rotadoamanha.com\/wp-content\/uploads\/2025\/07\/LagosCovadonga_15.jpg 1500w\" sizes=\"auto, (max-width: 1024px) 100vw, 1024px\" \/><figcaption class=\"wp-element-caption\">The path from the Chapel of El Buen Pastor to Lake Enol<\/figcaption><\/figure>\n<\/div>\n\n\n\n<div class=\"wp-block-column is-layout-flow wp-block-column-is-layout-flow\">\n<figure class=\"wp-block-image aligncenter size-full has-custom-border\"><img loading=\"lazy\" decoding=\"async\" width=\"1200\" height=\"800\" src=\"https:\/\/www.rotadoamanha.com\/wp-content\/uploads\/2025\/07\/LagosCovadonga_13.jpg\" alt=\"\" class=\"wp-image-8500\" style=\"border-width:3px;border-radius:20px\" srcset=\"https:\/\/www.rotadoamanha.com\/wp-content\/uploads\/2025\/07\/LagosCovadonga_13.jpg 1200w, https:\/\/www.rotadoamanha.com\/wp-content\/uploads\/2025\/07\/LagosCovadonga_13-300x200.jpg 300w, https:\/\/www.rotadoamanha.com\/wp-content\/uploads\/2025\/07\/LagosCovadonga_13-1024x683.jpg 1024w, https:\/\/www.rotadoamanha.com\/wp-content\/uploads\/2025\/07\/LagosCovadonga_13-768x512.jpg 768w, https:\/\/www.rotadoamanha.com\/wp-content\/uploads\/2025\/07\/LagosCovadonga_13-18x12.jpg 18w\" sizes=\"auto, (max-width: 1200px) 100vw, 1200px\" \/><figcaption class=\"wp-element-caption\">Lake Enol<\/figcaption><\/figure>\n<\/div>\n<\/div>\n\n\n\n<div style=\"height:53px\" aria-hidden=\"true\" class=\"wp-block-spacer\"><\/div>\n\n\n\n<p class=\"wp-block-paragraph\">On reaching the shore of Lake Enol, we veered off the road a little and followed a path closer to the water. Here we joined the road that took us back to our starting point, the Buferrera car park.<\/p>\n\n\n\n<div style=\"height:45px\" aria-hidden=\"true\" class=\"wp-block-spacer\"><\/div>\n\n\n\n<p class=\"wp-block-paragraph\">In our case, once the walk was over, we marvelled once again at the beauty of the European Peaks and caught the bus to the Sanctuary of Our Lady of Covadonga, to continue exploring what has become one of our all-time favourite destinations.<\/p>\n\n\n\n<div style=\"height:36px\" aria-hidden=\"true\" class=\"wp-block-spacer\"><\/div>\n\n\n\n<figure class=\"wp-block-image aligncenter size-full has-custom-border\"><img loading=\"lazy\" decoding=\"async\" width=\"1900\" height=\"746\" src=\"https:\/\/www.rotadoamanha.com\/wp-content\/uploads\/2025\/07\/LagosCovadonga_20.jpg\" alt=\"\" class=\"wp-image-8506\" style=\"border-width:3px;border-radius:20px\" srcset=\"https:\/\/www.rotadoamanha.com\/wp-content\/uploads\/2025\/07\/LagosCovadonga_20.jpg 1900w, https:\/\/www.rotadoamanha.com\/wp-content\/uploads\/2025\/07\/LagosCovadonga_20-300x118.jpg 300w, https:\/\/www.rotadoamanha.com\/wp-content\/uploads\/2025\/07\/LagosCovadonga_20-1024x402.jpg 1024w, https:\/\/www.rotadoamanha.com\/wp-content\/uploads\/2025\/07\/LagosCovadonga_20-768x302.jpg 768w, https:\/\/www.rotadoamanha.com\/wp-content\/uploads\/2025\/07\/LagosCovadonga_20-1536x603.jpg 1536w, https:\/\/www.rotadoamanha.com\/wp-content\/uploads\/2025\/07\/LagosCovadonga_20-18x7.jpg 18w\" sizes=\"auto, (max-width: 1900px) 100vw, 1900px\" \/><\/figure>\n\n\n\n<div style=\"height:36px\" aria-hidden=\"true\" class=\"wp-block-spacer\"><\/div>\n\n\n\n<script async=\"\" src=\"https:\/\/pagead2.googlesyndication.com\/pagead\/js\/adsbygoogle.js\"><\/script>\n<!-- Verticais laterais -->\n<ins class=\"adsbygoogle\" style=\"display:block\" data-ad-client=\"ca-pub-4062967657049718\" data-ad-slot=\"8857927712\" data-ad-format=\"auto\" data-full-width-responsive=\"true\"><\/ins>\n<script>\n     (adsbygoogle = window.adsbygoogle || []).push({});\n<\/script>\n\n\n\n<div style=\"height:40px\" aria-hidden=\"true\" class=\"wp-block-spacer\"><\/div>\n\n\n\n<h2 class=\"wp-block-heading has-text-align-center\">more to see<\/h2>\n\n\n\n<div class=\"wp-block-columns is-layout-flex wp-container-core-columns-is-layout-7387b849 wp-block-columns-is-layout-flex\">\n<div class=\"wp-block-column is-layout-flow wp-block-column-is-layout-flow\">\n<figure class=\"wp-block-image aligncenter size-full\"><a href=\"https:\/\/www.rotadoamanha.com\/en\/ruta-del-cares\/\"><img loading=\"lazy\" decoding=\"async\" width=\"720\" height=\"960\" src=\"https:\/\/www.rotadoamanha.com\/wp-content\/uploads\/2024\/10\/RutadelCares_Menu_MaisParaVer.jpg\" alt=\"Ruta del Cares\" class=\"wp-image-8287\" srcset=\"https:\/\/www.rotadoamanha.com\/wp-content\/uploads\/2024\/10\/RutadelCares_Menu_MaisParaVer.jpg 720w, https:\/\/www.rotadoamanha.com\/wp-content\/uploads\/2024\/10\/RutadelCares_Menu_MaisParaVer-225x300.jpg 225w, https:\/\/www.rotadoamanha.com\/wp-content\/uploads\/2024\/10\/RutadelCares_Menu_MaisParaVer-9x12.jpg 9w\" sizes=\"auto, (max-width: 720px) 100vw, 720px\" \/><\/a><figcaption class=\"wp-element-caption\"><a href=\"https:\/\/www.rotadoamanha.com\/en\/ruta-del-cares\/\" target=\"_blank\" rel=\"noopener\" title=\"\">Cares Route<\/a><\/figcaption><\/figure>\n<\/div>\n\n\n\n<div class=\"wp-block-column is-layout-flow wp-block-column-is-layout-flow\">\n<figure class=\"wp-block-image aligncenter size-full\"><a href=\"https:\/\/www.rotadoamanha.com\/en\/bulnes\/\"><img loading=\"lazy\" decoding=\"async\" width=\"720\" height=\"960\" src=\"https:\/\/www.rotadoamanha.com\/wp-content\/uploads\/2024\/10\/Bulnes_Menu_MaisParaVer.jpg\" alt=\"Bulnes\" class=\"wp-image-7321\" srcset=\"https:\/\/www.rotadoamanha.com\/wp-content\/uploads\/2024\/10\/Bulnes_Menu_MaisParaVer.jpg 720w, https:\/\/www.rotadoamanha.com\/wp-content\/uploads\/2024\/10\/Bulnes_Menu_MaisParaVer-225x300.jpg 225w, https:\/\/www.rotadoamanha.com\/wp-content\/uploads\/2024\/10\/Bulnes_Menu_MaisParaVer-9x12.jpg 9w\" sizes=\"auto, (max-width: 720px) 100vw, 720px\" \/><\/a><figcaption class=\"wp-element-caption\"><a href=\"https:\/\/www.rotadoamanha.com\/en\/bulnes\/\" target=\"_blank\" rel=\"noopener\" title=\"\">Bulnes<\/a><\/figcaption><\/figure>\n<\/div>\n\n\n\n<div class=\"wp-block-column is-layout-flow wp-block-column-is-layout-flow\">\n<figure class=\"wp-block-image aligncenter size-full\"><a href=\"https:\/\/www.rotadoamanha.com\/en\/rio-de-onor\/\"><img loading=\"lazy\" decoding=\"async\" width=\"720\" height=\"960\" src=\"https:\/\/www.rotadoamanha.com\/wp-content\/uploads\/2024\/11\/RiodeOnor_Menu_MaisParaVer.jpg\" alt=\"Rio de Onor\" class=\"wp-image-7452\" srcset=\"https:\/\/www.rotadoamanha.com\/wp-content\/uploads\/2024\/11\/RiodeOnor_Menu_MaisParaVer.jpg 720w, https:\/\/www.rotadoamanha.com\/wp-content\/uploads\/2024\/11\/RiodeOnor_Menu_MaisParaVer-225x300.jpg 225w, https:\/\/www.rotadoamanha.com\/wp-content\/uploads\/2024\/11\/RiodeOnor_Menu_MaisParaVer-9x12.jpg 9w\" sizes=\"auto, (max-width: 720px) 100vw, 720px\" \/><\/a><figcaption class=\"wp-element-caption\"><a href=\"https:\/\/www.rotadoamanha.com\/en\/rio-de-onor\/\" target=\"_blank\" rel=\"noopener\" title=\"\">Rio de Onor<\/a><\/figcaption><\/figure>\n<\/div>\n<\/div>\n\n\n\n<div style=\"height:45px\" aria-hidden=\"true\" class=\"wp-block-spacer\"><\/div>\n\n\n\n<ul class=\"wp-block-social-links aligncenter has-icon-color has-icon-background-color is-style-pill-shape is-content-justification-center is-layout-flex wp-container-core-social-links-is-layout-3e41869c wp-block-social-links-is-layout-flex\"><li style=\"color:var(--ast-global-color-5);background-color:var(--ast-global-color-8)\" class=\"wp-social-link wp-social-link-facebook has-ast-global-color-5-color has-ast-global-color-8-background-color wp-block-social-link\"><a href=\"https:\/\/facebook.com\/rotadoamanha\" class=\"wp-block-social-link-anchor\"><svg width=\"24\" height=\"24\" viewbox=\"0 0 24 24\" version=\"1.1\" xmlns=\"http:\/\/www.w3.org\/2000\/svg\" aria-hidden=\"true\" focusable=\"false\"><path d=\"M12 2C6.5 2 2 6.5 2 12c0 5 3.7 9.1 8.4 9.9v-7H7.9V12h2.5V9.8c0-2.5 1.5-3.9 3.8-3.9 1.1 0 2.2.2 2.2.2v2.5h-1.3c-1.2 0-1.6.8-1.6 1.6V12h2.8l-.4 2.9h-2.3v7C18.3 21.1 22 17 22 12c0-5.5-4.5-10-10-10z\"><\/path><\/svg><span class=\"wp-block-social-link-label screen-reader-text\">Facebook<\/span><\/a><\/li>\n\n<li style=\"color:var(--ast-global-color-5);background-color:var(--ast-global-color-8)\" class=\"wp-social-link wp-social-link-instagram has-ast-global-color-5-color has-ast-global-color-8-background-color wp-block-social-link\"><a href=\"https:\/\/instagram.com\/rotadoamanha\" class=\"wp-block-social-link-anchor\"><svg width=\"24\" height=\"24\" viewbox=\"0 0 24 24\" version=\"1.1\" xmlns=\"http:\/\/www.w3.org\/2000\/svg\" aria-hidden=\"true\" focusable=\"false\"><path d=\"M12,4.622c2.403,0,2.688,0.009,3.637,0.052c0.877,0.04,1.354,0.187,1.671,0.31c0.42,0.163,0.72,0.358,1.035,0.673 c0.315,0.315,0.51,0.615,0.673,1.035c0.123,0.317,0.27,0.794,0.31,1.671c0.043,0.949,0.052,1.234,0.052,3.637 s-0.009,2.688-0.052,3.637c-0.04,0.877-0.187,1.354-0.31,1.671c-0.163,0.42-0.358,0.72-0.673,1.035 c-0.315,0.315-0.615,0.51-1.035,0.673c-0.317,0.123-0.794,0.27-1.671,0.31c-0.949,0.043-1.233,0.052-3.637,0.052 s-2.688-0.009-3.637-0.052c-0.877-0.04-1.354-0.187-1.671-0.31c-0.42-0.163-0.72-0.358-1.035-0.673 c-0.315-0.315-0.51-0.615-0.673-1.035c-0.123-0.317-0.27-0.794-0.31-1.671C4.631,14.688,4.622,14.403,4.622,12 s0.009-2.688,0.052-3.637c0.04-0.877,0.187-1.354,0.31-1.671c0.163-0.42,0.358-0.72,0.673-1.035 c0.315-0.315,0.615-0.51,1.035-0.673c0.317-0.123,0.794-0.27,1.671-0.31C9.312,4.631,9.597,4.622,12,4.622 M12,3 C9.556,3,9.249,3.01,8.289,3.054C7.331,3.098,6.677,3.25,6.105,3.472C5.513,3.702,5.011,4.01,4.511,4.511 c-0.5,0.5-0.808,1.002-1.038,1.594C3.25,6.677,3.098,7.331,3.054,8.289C3.01,9.249,3,9.556,3,12c0,2.444,0.01,2.751,0.054,3.711 c0.044,0.958,0.196,1.612,0.418,2.185c0.23,0.592,0.538,1.094,1.038,1.594c0.5,0.5,1.002,0.808,1.594,1.038 c0.572,0.222,1.227,0.375,2.185,0.418C9.249,20.99,9.556,21,12,21s2.751-0.01,3.711-0.054c0.958-0.044,1.612-0.196,2.185-0.418 c0.592-0.23,1.094-0.538,1.594-1.038c0.5-0.5,0.808-1.002,1.038-1.594c0.222-0.572,0.375-1.227,0.418-2.185 C20.99,14.751,21,14.444,21,12s-0.01-2.751-0.054-3.711c-0.044-0.958-0.196-1.612-0.418-2.185c-0.23-0.592-0.538-1.094-1.038-1.594 c-0.5-0.5-1.002-0.808-1.594-1.038c-0.572-0.222-1.227-0.375-2.185-0.418C14.751,3.01,14.444,3,12,3L12,3z M12,7.378 c-2.552,0-4.622,2.069-4.622,4.622S9.448,16.622,12,16.622s4.622-2.069,4.622-4.622S14.552,7.378,12,7.378z M12,15 c-1.657,0-3-1.343-3-3s1.343-3,3-3s3,1.343,3,3S13.657,15,12,15z M16.804,6.116c-0.596,0-1.08,0.484-1.08,1.08 s0.484,1.08,1.08,1.08c0.596,0,1.08-0.484,1.08-1.08S17.401,6.116,16.804,6.116z\"><\/path><\/svg><span class=\"wp-block-social-link-label screen-reader-text\">Instagram<\/span><\/a><\/li><\/ul>\n\n\n\n<p class=\"wp-block-paragraph\"><\/p>","protected":false},"excerpt":{"rendered":"<p>Os Lagos de Covadonga, no Parque Nacional dos Picos da Europa, tornou-se facilmente um dos nossos destinos favoritos da vida.N\u00e3o s\u00f3 visitar estes lagos \u00e9 obrigat\u00f3rio para quem visita a regi\u00e3o, como arriscamos dizer que vale a pena visitar esta regi\u00e3o s\u00f3 por causa desta maravilha! Aqui e para absorverem verdadeiramente a beleza e calma [&hellip;]<\/p>\n","protected":false},"author":1,"featured_media":8481,"comment_status":"open","ping_status":"open","sticky":false,"template":"","format":"standard","meta":{"_uag_custom_page_level_css":"","site-sidebar-layout":"default","site-content-layout":"","ast-site-content-layout":"default","site-content-style":"default","site-sidebar-style":"default","ast-global-header-display":"","ast-banner-title-visibility":"","ast-main-header-display":"","ast-hfb-above-header-display":"","ast-hfb-below-header-display":"","ast-hfb-mobile-header-display":"","site-post-title":"","ast-breadcrumbs-content":"","ast-featured-img":"disabled","footer-sml-layout":"","ast-disable-related-posts":"","theme-transparent-header-meta":"","adv-header-id-meta":"","stick-header-meta":"","header-above-stick-meta":"","header-main-stick-meta":"","header-below-stick-meta":"","astra-migrate-meta-layouts":"set","ast-page-background-enabled":"default","ast-page-background-meta":{"desktop":{"background-color":"","background-image":"","background-repeat":"repeat","background-position":"center center","background-size":"auto","background-attachment":"scroll","background-type":"","background-media":"","overlay-type":"","overlay-color":"","overlay-opacity":"","overlay-gradient":""},"tablet":{"background-color":"","background-image":"","background-repeat":"repeat","background-position":"center center","background-size":"auto","background-attachment":"scroll","background-type":"","background-media":"","overlay-type":"","overlay-color":"","overlay-opacity":"","overlay-gradient":""},"mobile":{"background-color":"","background-image":"","background-repeat":"repeat","background-position":"center center","background-size":"auto","background-attachment":"scroll","background-type":"","background-media":"","overlay-type":"","overlay-color":"","overlay-opacity":"","overlay-gradient":""}},"ast-content-background-meta":{"desktop":{"background-color":"var(--ast-global-color-5)","background-image":"","background-repeat":"repeat","background-position":"center center","background-size":"auto","background-attachment":"scroll","background-type":"","background-media":"","overlay-type":"","overlay-color":"","overlay-opacity":"","overlay-gradient":""},"tablet":{"background-color":"var(--ast-global-color-5)","background-image":"","background-repeat":"repeat","background-position":"center center","background-size":"auto","background-attachment":"scroll","background-type":"","background-media":"","overlay-type":"","overlay-color":"","overlay-opacity":"","overlay-gradient":""},"mobile":{"background-color":"var(--ast-global-color-5)","background-image":"","background-repeat":"repeat","background-position":"center center","background-size":"auto","background-attachment":"scroll","background-type":"","background-media":"","overlay-type":"","overlay-color":"","overlay-opacity":"","overlay-gradient":""}},"footnotes":""},"categories":[29,78,77],"tags":[],"class_list":["post-8476","post","type-post","status-publish","format-standard","has-post-thumbnail","hentry","category-espanha","category-pontos-de-interesse","category-trilhos"],"aioseo_notices":[],"aioseo_head":"\n\t\t<!-- All in One SEO 5.0.1.1 - aioseo.com -->\n\t<meta name=\"description\" content=\"Os Lagos de Covadonga, no Parque Nacional dos Picos da Europa, \u00e9 um destino obrigat\u00f3rio para quem visita a regi\u00e3o, com os seus dois grandes lagos.\" \/>\n\t<meta name=\"robots\" content=\"max-image-preview:large\" \/>\n\t<meta name=\"author\" content=\"Rota do Amanh\u00e3\"\/>\n\t<meta name=\"p:domain_verify\" content=\"1ee7d58ebe1832d865d7e754ac4da021\" \/>\n\t<link rel=\"canonical\" href=\"https:\/\/www.rotadoamanha.com\/en\/lagos-de-covadonga\/\" \/>\n\t<meta name=\"generator\" content=\"All in One SEO (AIOSEO) 5.0.1.1\" \/>\n\t\t<meta property=\"og:locale\" content=\"en_US\" \/>\n\t\t<meta property=\"og:site_name\" content=\"Rota do Amanh\u00e3\" \/>\n\t\t<meta property=\"og:type\" content=\"article\" \/>\n\t\t<meta property=\"og:title\" content=\"Lagos de Covadonga, Picos da Europa\" \/>\n\t\t<meta property=\"og:description\" content=\"Os Lagos de Covadonga, no Parque Nacional dos Picos da Europa, tornou-se facilmente um dos nossos destinos favoritos da vida.N\u00e3o s\u00f3 visitar estes lagos \u00e9 obrigat\u00f3rio para quem visita a regi\u00e3o, como arriscamos dizer que vale a pena visitar esta regi\u00e3o s\u00f3 por causa desta maravilha! Aqui e para absorverem verdadeiramente a beleza e calma\" \/>\n\t\t<meta property=\"og:url\" content=\"https:\/\/www.rotadoamanha.com\/en\/lagos-de-covadonga\/\" \/>\n\t\t<meta property=\"og:image\" content=\"https:\/\/www.rotadoamanha.com\/wp-content\/uploads\/2025\/07\/LagosCovadonga_9.jpg\" \/>\n\t\t<meta property=\"og:image:secure_url\" content=\"https:\/\/www.rotadoamanha.com\/wp-content\/uploads\/2025\/07\/LagosCovadonga_9.jpg\" \/>\n\t\t<meta property=\"og:image:width\" content=\"1348\" \/>\n\t\t<meta property=\"og:image:height\" content=\"900\" \/>\n\t\t<meta property=\"article:published_time\" content=\"2025-07-24T10:20:32+00:00\" \/>\n\t\t<meta property=\"article:modified_time\" content=\"2026-02-19T17:39:51+00:00\" \/>\n\t\t<meta property=\"article:publisher\" content=\"https:\/\/www.facebook.com\/rotadoamanha\" \/>\n\t\t<meta name=\"twitter:card\" content=\"summary_large_image\" \/>\n\t\t<meta name=\"twitter:title\" content=\"Lagos de Covadonga, Picos da Europa\" \/>\n\t\t<meta name=\"twitter:description\" content=\"Os Lagos de Covadonga, no Parque Nacional dos Picos da Europa, tornou-se facilmente um dos nossos destinos favoritos da vida.N\u00e3o s\u00f3 visitar estes lagos \u00e9 obrigat\u00f3rio para quem visita a regi\u00e3o, como arriscamos dizer que vale a pena visitar esta regi\u00e3o s\u00f3 por causa desta maravilha! Aqui e para absorverem verdadeiramente a beleza e calma\" \/>\n\t\t<meta name=\"twitter:image\" content=\"https:\/\/www.rotadoamanha.com\/wp-content\/uploads\/2025\/07\/LagosCovadonga_9.jpg\" \/>\n\t\t<meta name=\"twitter:label1\" content=\"Written by\" \/>\n\t\t<meta name=\"twitter:data1\" content=\"Rota do Amanh\u00e3\" \/>\n\t\t<meta name=\"twitter:label2\" content=\"Est. reading time\" \/>\n\t\t<meta name=\"twitter:data2\" content=\"9 minutes\" \/>\n\t\t<script type=\"application\/ld+json\" class=\"aioseo-schema\">\n\t\t\t{\"@context\":\"https:\\\/\\\/schema.org\",\"@graph\":[{\"@type\":\"Article\",\"@id\":\"https:\\\/\\\/www.rotadoamanha.com\\\/en\\\/lagos-de-covadonga\\\/#article\",\"name\":\"Lagos de Covadonga, Picos da Europa - Rota do Amanh\\u00e3\",\"headline\":\"Lagos de Covadonga, Picos da Europa\",\"author\":{\"@id\":\"https:\\\/\\\/www.rotadoamanha.com\\\/en\\\/author\\\/fabioferreira009\\\/#author\"},\"publisher\":{\"@id\":\"https:\\\/\\\/www.rotadoamanha.com\\\/en\\\/#person\"},\"image\":{\"@type\":\"ImageObject\",\"url\":\"https:\\\/\\\/www.rotadoamanha.com\\\/wp-content\\\/uploads\\\/2025\\\/07\\\/LagosCovadonga_9.jpg\",\"width\":1348,\"height\":900,\"caption\":\"Lagos de Covadonga\"},\"datePublished\":\"2025-07-24T10:20:32+00:00\",\"dateModified\":\"2026-02-19T17:39:51+00:00\",\"inLanguage\":\"en-US\",\"mainEntityOfPage\":{\"@id\":\"https:\\\/\\\/www.rotadoamanha.com\\\/en\\\/lagos-de-covadonga\\\/#webpage\"},\"isPartOf\":{\"@id\":\"https:\\\/\\\/www.rotadoamanha.com\\\/en\\\/lagos-de-covadonga\\\/#webpage\"},\"articleSection\":\"Espanha, Pontos de Interesse, Trilhos\"},{\"@type\":\"BreadcrumbList\",\"@id\":\"https:\\\/\\\/www.rotadoamanha.com\\\/en\\\/lagos-de-covadonga\\\/#breadcrumblist\",\"itemListElement\":[{\"@type\":\"ListItem\",\"@id\":\"https:\\\/\\\/www.rotadoamanha.com\\\/en#listItem\",\"position\":1,\"name\":\"Home\",\"item\":\"https:\\\/\\\/www.rotadoamanha.com\\\/en\",\"nextItem\":{\"@type\":\"ListItem\",\"@id\":\"https:\\\/\\\/www.rotadoamanha.com\\\/en\\\/category\\\/espanha\\\/#listItem\",\"name\":\"Espanha\"}},{\"@type\":\"ListItem\",\"@id\":\"https:\\\/\\\/www.rotadoamanha.com\\\/en\\\/category\\\/espanha\\\/#listItem\",\"position\":2,\"name\":\"Espanha\",\"item\":\"https:\\\/\\\/www.rotadoamanha.com\\\/en\\\/category\\\/espanha\\\/\",\"nextItem\":{\"@type\":\"ListItem\",\"@id\":\"https:\\\/\\\/www.rotadoamanha.com\\\/en\\\/lagos-de-covadonga\\\/#listItem\",\"name\":\"Lagos de Covadonga, Picos da Europa\"},\"previousItem\":{\"@type\":\"ListItem\",\"@id\":\"https:\\\/\\\/www.rotadoamanha.com\\\/en#listItem\",\"name\":\"Home\"}},{\"@type\":\"ListItem\",\"@id\":\"https:\\\/\\\/www.rotadoamanha.com\\\/en\\\/lagos-de-covadonga\\\/#listItem\",\"position\":3,\"name\":\"Lagos de Covadonga, Picos da Europa\",\"previousItem\":{\"@type\":\"ListItem\",\"@id\":\"https:\\\/\\\/www.rotadoamanha.com\\\/en\\\/category\\\/espanha\\\/#listItem\",\"name\":\"Espanha\"}}]},{\"@type\":\"Person\",\"@id\":\"https:\\\/\\\/www.rotadoamanha.com\\\/en\\\/#person\",\"name\":\"Rota do Amanh\\u00e3\",\"image\":{\"@type\":\"ImageObject\",\"@id\":\"https:\\\/\\\/www.rotadoamanha.com\\\/en\\\/lagos-de-covadonga\\\/#personImage\",\"url\":\"https:\\\/\\\/secure.gravatar.com\\\/avatar\\\/8d6c536b5ead6f8b5f4573595be7e706a995a80c375f2a186c0708ab084d7440?s=96&d=mm&r=g\",\"width\":96,\"height\":96,\"caption\":\"Rota do Amanh\\u00e3\"}},{\"@type\":\"Person\",\"@id\":\"https:\\\/\\\/www.rotadoamanha.com\\\/en\\\/author\\\/fabioferreira009\\\/#author\",\"url\":\"https:\\\/\\\/www.rotadoamanha.com\\\/en\\\/author\\\/fabioferreira009\\\/\",\"name\":\"Rota do Amanh\\u00e3\",\"image\":{\"@type\":\"ImageObject\",\"@id\":\"https:\\\/\\\/www.rotadoamanha.com\\\/en\\\/lagos-de-covadonga\\\/#authorImage\",\"url\":\"https:\\\/\\\/secure.gravatar.com\\\/avatar\\\/8d6c536b5ead6f8b5f4573595be7e706a995a80c375f2a186c0708ab084d7440?s=96&d=mm&r=g\",\"width\":96,\"height\":96,\"caption\":\"Rota do Amanh\\u00e3\"}},{\"@type\":\"WebPage\",\"@id\":\"https:\\\/\\\/www.rotadoamanha.com\\\/en\\\/lagos-de-covadonga\\\/#webpage\",\"url\":\"https:\\\/\\\/www.rotadoamanha.com\\\/en\\\/lagos-de-covadonga\\\/\",\"name\":\"Lagos de Covadonga, Picos da Europa - Rota do Amanh\\u00e3\",\"description\":\"Os Lagos de Covadonga, no Parque Nacional dos Picos da Europa, \\u00e9 um destino obrigat\\u00f3rio para quem visita a regi\\u00e3o, com os seus dois grandes lagos.\",\"inLanguage\":\"en-US\",\"isPartOf\":{\"@id\":\"https:\\\/\\\/www.rotadoamanha.com\\\/en\\\/#website\"},\"breadcrumb\":{\"@id\":\"https:\\\/\\\/www.rotadoamanha.com\\\/en\\\/lagos-de-covadonga\\\/#breadcrumblist\"},\"author\":{\"@id\":\"https:\\\/\\\/www.rotadoamanha.com\\\/en\\\/author\\\/fabioferreira009\\\/#author\"},\"creator\":{\"@id\":\"https:\\\/\\\/www.rotadoamanha.com\\\/en\\\/author\\\/fabioferreira009\\\/#author\"},\"image\":{\"@type\":\"ImageObject\",\"url\":\"https:\\\/\\\/www.rotadoamanha.com\\\/wp-content\\\/uploads\\\/2025\\\/07\\\/LagosCovadonga_9.jpg\",\"@id\":\"https:\\\/\\\/www.rotadoamanha.com\\\/en\\\/lagos-de-covadonga\\\/#mainImage\",\"width\":1348,\"height\":900,\"caption\":\"Lagos de Covadonga\"},\"primaryImageOfPage\":{\"@id\":\"https:\\\/\\\/www.rotadoamanha.com\\\/en\\\/lagos-de-covadonga\\\/#mainImage\"},\"datePublished\":\"2025-07-24T10:20:32+00:00\",\"dateModified\":\"2026-02-19T17:39:51+00:00\"},{\"@type\":\"WebSite\",\"@id\":\"https:\\\/\\\/www.rotadoamanha.com\\\/en\\\/#website\",\"url\":\"https:\\\/\\\/www.rotadoamanha.com\\\/en\\\/\",\"name\":\"Rota do Amanh\\u00e3\",\"description\":\"Site de viagens\",\"inLanguage\":\"en-US\",\"publisher\":{\"@id\":\"https:\\\/\\\/www.rotadoamanha.com\\\/en\\\/#person\"}}]}\n\t\t<\/script>\n\t\t<!-- All in One SEO -->\n\n","aioseo_head_json":{"title":"Lagos de Covadonga, Picos da Europa - Rota do Amanh\u00e3","description":"Os Lagos de Covadonga, no Parque Nacional dos Picos da Europa, \u00e9 um destino obrigat\u00f3rio para quem visita a regi\u00e3o, com os seus dois grandes lagos.","canonical_url":"https:\/\/www.rotadoamanha.com\/en\/lagos-de-covadonga\/","robots":"max-image-preview:large","keywords":"","webmasterTools":{"p:domain_verify":"1ee7d58ebe1832d865d7e754ac4da021","miscellaneous":""},"schema":{"@context":"https:\/\/schema.org","@graph":[{"@type":"Article","@id":"https:\/\/www.rotadoamanha.com\/en\/lagos-de-covadonga\/#article","name":"Lagos de Covadonga, Picos da Europa - Rota do Amanh\u00e3","headline":"Lagos de Covadonga, Picos da Europa","author":{"@id":"https:\/\/www.rotadoamanha.com\/en\/author\/fabioferreira009\/#author"},"publisher":{"@id":"https:\/\/www.rotadoamanha.com\/en\/#person"},"image":{"@type":"ImageObject","url":"https:\/\/www.rotadoamanha.com\/wp-content\/uploads\/2025\/07\/LagosCovadonga_9.jpg","width":1348,"height":900,"caption":"Lagos de Covadonga"},"datePublished":"2025-07-24T10:20:32+00:00","dateModified":"2026-02-19T17:39:51+00:00","inLanguage":"en-US","mainEntityOfPage":{"@id":"https:\/\/www.rotadoamanha.com\/en\/lagos-de-covadonga\/#webpage"},"isPartOf":{"@id":"https:\/\/www.rotadoamanha.com\/en\/lagos-de-covadonga\/#webpage"},"articleSection":"Espanha, Pontos de Interesse, Trilhos"},{"@type":"BreadcrumbList","@id":"https:\/\/www.rotadoamanha.com\/en\/lagos-de-covadonga\/#breadcrumblist","itemListElement":[{"@type":"ListItem","@id":"https:\/\/www.rotadoamanha.com\/en#listItem","position":1,"name":"Home","item":"https:\/\/www.rotadoamanha.com\/en","nextItem":{"@type":"ListItem","@id":"https:\/\/www.rotadoamanha.com\/en\/category\/espanha\/#listItem","name":"Espanha"}},{"@type":"ListItem","@id":"https:\/\/www.rotadoamanha.com\/en\/category\/espanha\/#listItem","position":2,"name":"Espanha","item":"https:\/\/www.rotadoamanha.com\/en\/category\/espanha\/","nextItem":{"@type":"ListItem","@id":"https:\/\/www.rotadoamanha.com\/en\/lagos-de-covadonga\/#listItem","name":"Lagos de Covadonga, Picos da Europa"},"previousItem":{"@type":"ListItem","@id":"https:\/\/www.rotadoamanha.com\/en#listItem","name":"Home"}},{"@type":"ListItem","@id":"https:\/\/www.rotadoamanha.com\/en\/lagos-de-covadonga\/#listItem","position":3,"name":"Lagos de Covadonga, Picos da Europa","previousItem":{"@type":"ListItem","@id":"https:\/\/www.rotadoamanha.com\/en\/category\/espanha\/#listItem","name":"Espanha"}}]},{"@type":"Person","@id":"https:\/\/www.rotadoamanha.com\/en\/#person","name":"Rota do Amanh\u00e3","image":{"@type":"ImageObject","@id":"https:\/\/www.rotadoamanha.com\/en\/lagos-de-covadonga\/#personImage","url":"https:\/\/secure.gravatar.com\/avatar\/8d6c536b5ead6f8b5f4573595be7e706a995a80c375f2a186c0708ab084d7440?s=96&d=mm&r=g","width":96,"height":96,"caption":"Rota do Amanh\u00e3"}},{"@type":"Person","@id":"https:\/\/www.rotadoamanha.com\/en\/author\/fabioferreira009\/#author","url":"https:\/\/www.rotadoamanha.com\/en\/author\/fabioferreira009\/","name":"Rota do Amanh\u00e3","image":{"@type":"ImageObject","@id":"https:\/\/www.rotadoamanha.com\/en\/lagos-de-covadonga\/#authorImage","url":"https:\/\/secure.gravatar.com\/avatar\/8d6c536b5ead6f8b5f4573595be7e706a995a80c375f2a186c0708ab084d7440?s=96&d=mm&r=g","width":96,"height":96,"caption":"Rota do Amanh\u00e3"}},{"@type":"WebPage","@id":"https:\/\/www.rotadoamanha.com\/en\/lagos-de-covadonga\/#webpage","url":"https:\/\/www.rotadoamanha.com\/en\/lagos-de-covadonga\/","name":"Lagos de Covadonga, Picos da Europa - Rota do Amanh\u00e3","description":"Os Lagos de Covadonga, no Parque Nacional dos Picos da Europa, \u00e9 um destino obrigat\u00f3rio para quem visita a regi\u00e3o, com os seus dois grandes lagos.","inLanguage":"en-US","isPartOf":{"@id":"https:\/\/www.rotadoamanha.com\/en\/#website"},"breadcrumb":{"@id":"https:\/\/www.rotadoamanha.com\/en\/lagos-de-covadonga\/#breadcrumblist"},"author":{"@id":"https:\/\/www.rotadoamanha.com\/en\/author\/fabioferreira009\/#author"},"creator":{"@id":"https:\/\/www.rotadoamanha.com\/en\/author\/fabioferreira009\/#author"},"image":{"@type":"ImageObject","url":"https:\/\/www.rotadoamanha.com\/wp-content\/uploads\/2025\/07\/LagosCovadonga_9.jpg","@id":"https:\/\/www.rotadoamanha.com\/en\/lagos-de-covadonga\/#mainImage","width":1348,"height":900,"caption":"Lagos de Covadonga"},"primaryImageOfPage":{"@id":"https:\/\/www.rotadoamanha.com\/en\/lagos-de-covadonga\/#mainImage"},"datePublished":"2025-07-24T10:20:32+00:00","dateModified":"2026-02-19T17:39:51+00:00"},{"@type":"WebSite","@id":"https:\/\/www.rotadoamanha.com\/en\/#website","url":"https:\/\/www.rotadoamanha.com\/en\/","name":"Rota do Amanh\u00e3","description":"Site de viagens","inLanguage":"en-US","publisher":{"@id":"https:\/\/www.rotadoamanha.com\/en\/#person"}}]},"og:locale":"en_US","og:site_name":"Rota do Amanh\u00e3","og:type":"article","og:title":"Lagos de Covadonga, Picos da Europa","og:description":"Os Lagos de Covadonga, no Parque Nacional dos Picos da Europa, tornou-se facilmente um dos nossos destinos favoritos da vida.N\u00e3o s\u00f3 visitar estes lagos \u00e9 obrigat\u00f3rio para quem visita a regi\u00e3o, como arriscamos dizer que vale a pena visitar esta regi\u00e3o s\u00f3 por causa desta maravilha! Aqui e para absorverem verdadeiramente a beleza e calma","og:url":"https:\/\/www.rotadoamanha.com\/en\/lagos-de-covadonga\/","og:image":"https:\/\/www.rotadoamanha.com\/wp-content\/uploads\/2025\/07\/LagosCovadonga_9.jpg","og:image:secure_url":"https:\/\/www.rotadoamanha.com\/wp-content\/uploads\/2025\/07\/LagosCovadonga_9.jpg","og:image:width":"1348","og:image:height":"900","article:published_time":"2025-07-24T10:20:32+00:00","article:modified_time":"2026-02-19T17:39:51+00:00","article:publisher":"https:\/\/www.facebook.com\/rotadoamanha","twitter:card":"summary_large_image","twitter:title":"Lagos de Covadonga, Picos da Europa","twitter:description":"Os Lagos de Covadonga, no Parque Nacional dos Picos da Europa, tornou-se facilmente um dos nossos destinos favoritos da vida.N\u00e3o s\u00f3 visitar estes lagos \u00e9 obrigat\u00f3rio para quem visita a regi\u00e3o, como arriscamos dizer que vale a pena visitar esta regi\u00e3o s\u00f3 por causa desta maravilha! Aqui e para absorverem verdadeiramente a beleza e calma","twitter:image":"https:\/\/www.rotadoamanha.com\/wp-content\/uploads\/2025\/07\/LagosCovadonga_9.jpg","twitter:label1":"Written by","twitter:data1":"Rota do Amanh\u00e3","twitter:label2":"Est. reading time","twitter:data2":"9 minutes"},"aioseo_meta_data":{"post_id":"8476","title":null,"description":"Os Lagos de Covadonga, no Parque Nacional dos Picos da Europa, \u00e9 um destino obrigat\u00f3rio para quem visita a regi\u00e3o, com os seus dois grandes lagos.","keywords":null,"keyphrases":{"focus":{"keyphrase":"Lagos de Covadonga","score":94},"additional":[]},"primary_term":null,"canonical_url":null,"og_title":"#post_title","og_description":"#post_excerpt","og_object_type":"default","og_image_type":"featured","og_image_url":"https:\/\/www.rotadoamanha.com\/wp-content\/uploads\/2025\/07\/LagosCovadonga_9.jpg","og_image_width":"1348","og_image_height":"900","og_image_custom_url":null,"og_image_custom_fields":null,"og_video":"","og_custom_url":null,"og_article_section":null,"og_article_tags":null,"twitter_use_og":false,"twitter_card":"default","twitter_image_type":"featured","twitter_image_url":"https:\/\/www.rotadoamanha.com\/wp-content\/uploads\/2025\/07\/LagosCovadonga_9.jpg","twitter_image_custom_url":null,"twitter_image_custom_fields":null,"twitter_title":null,"twitter_description":null,"schema":{"blockGraphs":[],"customGraphs":[],"default":{"data":{"Article":[],"Course":[],"Dataset":[],"FAQPage":[],"Movie":[],"Person":[],"Product":[],"ProductReview":[],"Car":[],"Recipe":[],"Service":[],"SoftwareApplication":[],"WebPage":[]},"graphName":"Article","isEnabled":true},"graphs":[]},"schema_type":"default","schema_type_options":null,"pillar_content":false,"robots_default":true,"robots_noindex":false,"robots_noarchive":false,"robots_nosnippet":false,"robots_nofollow":false,"robots_noimageindex":false,"robots_noodp":false,"robots_notranslate":false,"robots_max_snippet":"-1","robots_max_videopreview":"-1","robots_max_imagepreview":"large","priority":null,"frequency":"default","local_seo":null,"breadcrumb_settings":null,"limit_modified_date":false,"ai":{"faqs":[],"keyPoints":[],"titles":[],"descriptions":[],"socialPosts":{"email":[],"linkedin":[],"twitter":[],"facebook":[],"instagram":[]}},"created":"2025-07-24 09:03:55","updated":"2026-08-08 09:32:30","seo_analyzer_scan_date":null,"focus_keyword":"Lagos de Covadonga","additional_keywords":null,"truseo_locale":null},"aioseo_breadcrumb":"<div class=\"aioseo-breadcrumbs\"><span class=\"aioseo-breadcrumb\">\n\t\t\t<a href=\"https:\/\/www.rotadoamanha.com\/en\" title=\"Home\">Home<\/a>\n\t\t<\/span><span class=\"aioseo-breadcrumb-separator\">&raquo;<\/span><span class=\"aioseo-breadcrumb\">\n\t\t\t<a href=\"https:\/\/www.rotadoamanha.com\/en\/category\/espanha\/\" title=\"Espanha\">Espanha<\/a>\n\t\t<\/span><span class=\"aioseo-breadcrumb-separator\">&raquo;<\/span><span class=\"aioseo-breadcrumb\">\n\t\t\tLagos de Covadonga, Picos da Europa\n\t\t<\/span><\/div>","aioseo_breadcrumb_json":[{"label":"Home","link":"https:\/\/www.rotadoamanha.com\/en"},{"label":"Espanha","link":"https:\/\/www.rotadoamanha.com\/en\/category\/espanha\/"},{"label":"Lagos de Covadonga, Picos da Europa","link":"https:\/\/www.rotadoamanha.com\/en\/lagos-de-covadonga\/"}],"uagb_featured_image_src":{"full":["https:\/\/www.rotadoamanha.com\/wp-content\/uploads\/2025\/07\/LagosCovadonga_9.jpg",1348,900,false],"thumbnail":["https:\/\/www.rotadoamanha.com\/wp-content\/uploads\/2025\/07\/LagosCovadonga_9-150x150.jpg",150,150,true],"medium":["https:\/\/www.rotadoamanha.com\/wp-content\/uploads\/2025\/07\/LagosCovadonga_9-300x200.jpg",300,200,true],"medium_large":["https:\/\/www.rotadoamanha.com\/wp-content\/uploads\/2025\/07\/LagosCovadonga_9-768x513.jpg",768,513,true],"large":["https:\/\/www.rotadoamanha.com\/wp-content\/uploads\/2025\/07\/LagosCovadonga_9-1024x684.jpg",1024,684,true],"1536x1536":["https:\/\/www.rotadoamanha.com\/wp-content\/uploads\/2025\/07\/LagosCovadonga_9.jpg",1348,900,false],"2048x2048":["https:\/\/www.rotadoamanha.com\/wp-content\/uploads\/2025\/07\/LagosCovadonga_9.jpg",1348,900,false],"trp-custom-language-flag":["https:\/\/www.rotadoamanha.com\/wp-content\/uploads\/2025\/07\/LagosCovadonga_9-18x12.jpg",18,12,true]},"uagb_author_info":{"display_name":"Rota do Amanh\u00e3","author_link":"https:\/\/www.rotadoamanha.com\/en\/author\/fabioferreira009\/"},"uagb_comment_info":0,"uagb_excerpt":"Os Lagos de Covadonga, no Parque Nacional dos Picos da Europa, tornou-se facilmente um dos nossos destinos favoritos da vida.N\u00e3o s\u00f3 visitar estes lagos \u00e9 obrigat\u00f3rio para quem visita a regi\u00e3o, como arriscamos dizer que vale a pena visitar esta regi\u00e3o s\u00f3 por causa desta maravilha! Aqui e para absorverem verdadeiramente a beleza e calma&hellip;","_links":{"self":[{"href":"https:\/\/www.rotadoamanha.com\/en\/wp-json\/wp\/v2\/posts\/8476","targetHints":{"allow":["GET"]}}],"collection":[{"href":"https:\/\/www.rotadoamanha.com\/en\/wp-json\/wp\/v2\/posts"}],"about":[{"href":"https:\/\/www.rotadoamanha.com\/en\/wp-json\/wp\/v2\/types\/post"}],"author":[{"embeddable":true,"href":"https:\/\/www.rotadoamanha.com\/en\/wp-json\/wp\/v2\/users\/1"}],"replies":[{"embeddable":true,"href":"https:\/\/www.rotadoamanha.com\/en\/wp-json\/wp\/v2\/comments?post=8476"}],"version-history":[{"count":5,"href":"https:\/\/www.rotadoamanha.com\/en\/wp-json\/wp\/v2\/posts\/8476\/revisions"}],"predecessor-version":[{"id":9287,"href":"https:\/\/www.rotadoamanha.com\/en\/wp-json\/wp\/v2\/posts\/8476\/revisions\/9287"}],"wp:featuredmedia":[{"embeddable":true,"href":"https:\/\/www.rotadoamanha.com\/en\/wp-json\/wp\/v2\/media\/8481"}],"wp:attachment":[{"href":"https:\/\/www.rotadoamanha.com\/en\/wp-json\/wp\/v2\/media?parent=8476"}],"wp:term":[{"taxonomy":"category","embeddable":true,"href":"https:\/\/www.rotadoamanha.com\/en\/wp-json\/wp\/v2\/categories?post=8476"},{"taxonomy":"post_tag","embeddable":true,"href":"https:\/\/www.rotadoamanha.com\/en\/wp-json\/wp\/v2\/tags?post=8476"}],"curies":[{"name":"wp","href":"https:\/\/api.w.org\/{rel}","templated":true}]}}