{"id":8238,"date":"2025-04-29T19:11:32","date_gmt":"2025-04-29T19:11:32","guid":{"rendered":"https:\/\/www.rotadoamanha.com\/?p=8238"},"modified":"2026-02-17T20:21:19","modified_gmt":"2026-02-17T20:21:19","slug":"ruta-del-cares","status":"publish","type":"post","link":"https:\/\/www.rotadoamanha.com\/en\/ruta-del-cares\/","title":{"rendered":"Care Route: A Hike Through Europa Pikes"},"content":{"rendered":"<figure class=\"wp-block-image aligncenter size-full has-custom-border\"><img loading=\"lazy\" decoding=\"async\" width=\"1500\" height=\"844\" src=\"https:\/\/www.rotadoamanha.com\/wp-content\/uploads\/2025\/04\/Ruta-del-Cares_1.jpg\" alt=\"Ruta del Cares\" class=\"wp-image-8241\" style=\"border-width:3px;border-radius:20px\" srcset=\"https:\/\/www.rotadoamanha.com\/wp-content\/uploads\/2025\/04\/Ruta-del-Cares_1.jpg 1500w, https:\/\/www.rotadoamanha.com\/wp-content\/uploads\/2025\/04\/Ruta-del-Cares_1-300x169.jpg 300w, https:\/\/www.rotadoamanha.com\/wp-content\/uploads\/2025\/04\/Ruta-del-Cares_1-1024x576.jpg 1024w, https:\/\/www.rotadoamanha.com\/wp-content\/uploads\/2025\/04\/Ruta-del-Cares_1-768x432.jpg 768w, https:\/\/www.rotadoamanha.com\/wp-content\/uploads\/2025\/04\/Ruta-del-Cares_1-18x10.jpg 18w\" sizes=\"auto, (max-width: 1500px) 100vw, 1500px\" \/><\/figure>\n\n\n\n<div style=\"height:39px\" aria-hidden=\"true\" class=\"wp-block-spacer\"><\/div>\n\n\n\n<p class=\"wp-block-paragraph\">The <strong>Cares Route<\/strong>, also known as the Divine Gorge, is a destination that pretty much every hiking enthusiast has heard of. Firstly because of its location: in the incredible <strong>Europa Pikes National Park<\/strong>. And then for its beauty and history.<\/p>\n\n\n\n<div style=\"height:50px\" aria-hidden=\"true\" class=\"wp-block-spacer\"><\/div>\n\n\n\n<script async=\"\" src=\"https:\/\/pagead2.googlesyndication.com\/pagead\/js\/adsbygoogle.js\"><\/script>\n<!-- Verticais laterais -->\n<ins class=\"adsbygoogle\" style=\"display:block\" data-ad-client=\"ca-pub-4062967657049718\" data-ad-slot=\"8857927712\" data-ad-format=\"auto\" data-full-width-responsive=\"true\"><\/ins>\n<script>\n     (adsbygoogle = window.adsbygoogle || []).push({});\n<\/script>\n\n\n\n<div style=\"height:59px\" aria-hidden=\"true\" class=\"wp-block-spacer\"><\/div>\n\n\n\n<h2 class=\"wp-block-heading has-text-align-center\">History of the Cares Route and Trail<\/h2>\n\n\n\n<p class=\"wp-block-paragraph\">The Cares Route follows the course of an old canal that runs alongside the River Cares. The canal was built between 1915 and 1921 to supply water to the Poncebos hydroelectric power station. It is an incredible feat of engineering that was only made possible by the 500 workers who carved their way through the mountain. Of the 500 workers, 11 lost their lives during the process \u2013 most of them in falls. The tunnel was widened in the 1940s to facilitate access to and maintenance of the canal, resulting in the path we know today.<\/p>\n\n\n\n<figure class=\"wp-block-image alignleft size-full is-resized has-custom-border\"><img loading=\"lazy\" decoding=\"async\" width=\"1001\" height=\"1500\" src=\"https:\/\/www.rotadoamanha.com\/wp-content\/uploads\/2025\/04\/RutadelCares_4.jpg\" alt=\"\" class=\"wp-image-8245\" style=\"border-width:3px;border-radius:20px;width:450px\" srcset=\"https:\/\/www.rotadoamanha.com\/wp-content\/uploads\/2025\/04\/RutadelCares_4.jpg 1001w, https:\/\/www.rotadoamanha.com\/wp-content\/uploads\/2025\/04\/RutadelCares_4-200x300.jpg 200w, https:\/\/www.rotadoamanha.com\/wp-content\/uploads\/2025\/04\/RutadelCares_4-683x1024.jpg 683w, https:\/\/www.rotadoamanha.com\/wp-content\/uploads\/2025\/04\/RutadelCares_4-768x1151.jpg 768w, https:\/\/www.rotadoamanha.com\/wp-content\/uploads\/2025\/04\/RutadelCares_4-8x12.jpg 8w\" sizes=\"auto, (max-width: 1001px) 100vw, 1001px\" \/><\/figure>\n\n\n\n<p class=\"wp-block-paragraph\">This route, consists in a trail of around <strong>12 km each way<\/strong>. On top of this distance, you\u2019ll need to factor in the walk from the bus stop or car park on either side to the start of the trail. So, always count on about <strong>25km to 26km in total<\/strong> (ida e volta).<\/p>\n\n\n\n<p class=\"wp-block-paragraph\">To avoid this effort, some people choose to walk in one direction only and take transport back to the other end. However, please bear in mind that the two ends of the trail are more than two hours\u2019 drive apart.<\/p>\n\n\n\n<p class=\"wp-block-paragraph\">When we did the trail, we noticed that some people choose to park in Ca\u00edn and walk only the first few kilometres of the trail, which allows them to see the most scenic part of Ca\u00edn, the bridges and some of the larger tunnels. This is always an option for those who are unable to walk the entire trail. However, for those who are able to do so, we wholeheartedly recommend it.<\/p>\n\n\n\n<p class=\"wp-block-paragraph\"> As you walk along the route, you will see numbers carved into the stone, indicating the tally of <strong>71 water tunnels<\/strong> which form part of the Cares Route; it\u2019s great fun to walk the trail and try to spot the numbers carved into the rock.<\/p>\n\n\n\n<p class=\"wp-block-paragraph\">In total, to cover the entire route, it took us 3 hours and 15 minutes on the way from Poncebos to Ca\u00edn and 3 hours on the return journey, so it is always necessary to allow for <strong>6\/7 hours<\/strong> to make this trail.<\/p>\n\n\n\n<div style=\"height:48px\" aria-hidden=\"true\" class=\"wp-block-spacer\"><\/div>\n\n\n\n<figure class=\"wp-block-image aligncenter size-full has-custom-border\"><img loading=\"lazy\" decoding=\"async\" width=\"1600\" height=\"1068\" src=\"https:\/\/www.rotadoamanha.com\/wp-content\/uploads\/2025\/04\/RutadelCares_17.jpg\" alt=\"\" class=\"wp-image-8267\" style=\"border-width:3px;border-radius:20px\" srcset=\"https:\/\/www.rotadoamanha.com\/wp-content\/uploads\/2025\/04\/RutadelCares_17.jpg 1600w, https:\/\/www.rotadoamanha.com\/wp-content\/uploads\/2025\/04\/RutadelCares_17-300x200.jpg 300w, https:\/\/www.rotadoamanha.com\/wp-content\/uploads\/2025\/04\/RutadelCares_17-1024x684.jpg 1024w, https:\/\/www.rotadoamanha.com\/wp-content\/uploads\/2025\/04\/RutadelCares_17-768x513.jpg 768w, https:\/\/www.rotadoamanha.com\/wp-content\/uploads\/2025\/04\/RutadelCares_17-1536x1025.jpg 1536w, https:\/\/www.rotadoamanha.com\/wp-content\/uploads\/2025\/04\/RutadelCares_17-18x12.jpg 18w\" sizes=\"auto, (max-width: 1600px) 100vw, 1600px\" \/><\/figure>\n\n\n\n<div style=\"height:28px\" aria-hidden=\"true\" class=\"wp-block-spacer\"><\/div>\n\n\n\n<iframe loading=\"lazy\" src=\"https:\/\/www.google.com\/maps\/d\/u\/0\/embed?mid=1WV4T00wQPN6jBxyLW8AZucoFVSPHAd8&#038;ehbc=2E312F\" width=\"640\" height=\"480\"><\/iframe>\n\n\n\n<div style=\"height:63px\" aria-hidden=\"true\" class=\"wp-block-spacer\"><\/div>\n\n\n\n<h2 class=\"wp-block-heading has-text-align-center\">Preparing for the Trail<\/h2>\n\n\n\n<p class=\"wp-block-paragraph\">The Cares Route is a fairly long, linear trail with uneven terrain. At the same time, there is little shade. That said, you should take certain precautions and follow a few recommendations:<\/p>\n\n\n\n<ul class=\"wp-block-list\">\n<li>Avoid days when it\u2019s very windy or rainy. In our case, the wind picked up towards the end, making it much more dangerous due to the risk of falling rocks. Never forget that you\u2019re walking along the edge of a gorge!<\/li>\n\n\n\n<li>Wear appropriate shoes. If you have the option, always choose hiking boots. They're more durable and provide better traction on this type of trail.<\/li>\n\n\n\n<li>Bring a hat and wear sunscreen. Most of the time there won't be any shade, and the sun is strong and makes you more tired!<\/li>\n\n\n\n<li>Be sure to bring plenty of water and snacks. The trail is long and challenging (especially the first 2 km in Poncebos), so you\u2019ll need to keep refueling to regain your energy. If possible, bring a packed lunch and don\u2019t rely on the support facilities.<\/li>\n\n\n\n<li>Start early! You should start as early as possible to 1) avoid extreme heat, 2) be able to hike at your own pace without the pressure of it getting dark, and 3) avoid crowds. As we were finishing up, we passed people who were just starting the trail, which we definitely don\u2019t recommend. Since we started early, we had the trail practically to ourselves. It wasn\u2019t until we were on our way back that we ran into most of the other people.<\/li>\n<\/ul>\n\n\n\n<p class=\"wp-block-paragraph\">It\u2019s also a good idea to choose months with nice weather but less heat. We\u2019d recommend months like May, June, or (as in our case) September. That said, the weather in the European Peaks Natural Park is very unpredictable. So be prepared for changes in the weather along the way.<\/p>\n\n\n\n<div style=\"height:34px\" aria-hidden=\"true\" class=\"wp-block-spacer\"><\/div>\n\n\n\n<div class=\"wp-block-columns is-layout-flex wp-container-core-columns-is-layout-7387b849 wp-block-columns-is-layout-flex\">\n<div class=\"wp-block-column is-layout-flow wp-block-column-is-layout-flow\">\n<figure class=\"wp-block-image aligncenter size-full has-custom-border\"><img loading=\"lazy\" decoding=\"async\" width=\"1001\" height=\"1500\" src=\"https:\/\/www.rotadoamanha.com\/wp-content\/uploads\/2025\/04\/RutadelCares_5.jpg\" alt=\"\" class=\"wp-image-8247\" style=\"border-width:3px;border-radius:20px\" srcset=\"https:\/\/www.rotadoamanha.com\/wp-content\/uploads\/2025\/04\/RutadelCares_5.jpg 1001w, https:\/\/www.rotadoamanha.com\/wp-content\/uploads\/2025\/04\/RutadelCares_5-200x300.jpg 200w, https:\/\/www.rotadoamanha.com\/wp-content\/uploads\/2025\/04\/RutadelCares_5-683x1024.jpg 683w, https:\/\/www.rotadoamanha.com\/wp-content\/uploads\/2025\/04\/RutadelCares_5-768x1151.jpg 768w, https:\/\/www.rotadoamanha.com\/wp-content\/uploads\/2025\/04\/RutadelCares_5-8x12.jpg 8w\" sizes=\"auto, (max-width: 1001px) 100vw, 1001px\" \/><\/figure>\n<\/div>\n\n\n\n<div class=\"wp-block-column is-layout-flow wp-block-column-is-layout-flow\">\n<figure class=\"wp-block-image aligncenter size-full has-custom-border\"><img loading=\"lazy\" decoding=\"async\" width=\"1001\" height=\"1500\" src=\"https:\/\/www.rotadoamanha.com\/wp-content\/uploads\/2025\/04\/RutadelCares_6.jpg\" alt=\"\" class=\"wp-image-8248\" style=\"border-width:3px;border-radius:20px\" srcset=\"https:\/\/www.rotadoamanha.com\/wp-content\/uploads\/2025\/04\/RutadelCares_6.jpg 1001w, https:\/\/www.rotadoamanha.com\/wp-content\/uploads\/2025\/04\/RutadelCares_6-200x300.jpg 200w, https:\/\/www.rotadoamanha.com\/wp-content\/uploads\/2025\/04\/RutadelCares_6-683x1024.jpg 683w, https:\/\/www.rotadoamanha.com\/wp-content\/uploads\/2025\/04\/RutadelCares_6-768x1151.jpg 768w, https:\/\/www.rotadoamanha.com\/wp-content\/uploads\/2025\/04\/RutadelCares_6-8x12.jpg 8w\" sizes=\"auto, (max-width: 1001px) 100vw, 1001px\" \/><\/figure>\n<\/div>\n<\/div>\n\n\n\n<div style=\"height:53px\" aria-hidden=\"true\" class=\"wp-block-spacer\"><\/div>\n\n\n\n<script async=\"\" src=\"https:\/\/pagead2.googlesyndication.com\/pagead\/js\/adsbygoogle.js\"><\/script>\n<!-- Verticais laterais -->\n<ins class=\"adsbygoogle\" style=\"display:block\" data-ad-client=\"ca-pub-4062967657049718\" data-ad-slot=\"8857927712\" data-ad-format=\"auto\" data-full-width-responsive=\"true\"><\/ins>\n<script>\n     (adsbygoogle = window.adsbygoogle || []).push({});\n<\/script>\n\n\n\n<div style=\"height:69px\" aria-hidden=\"true\" class=\"wp-block-spacer\"><\/div>\n\n\n\n<h2 class=\"wp-block-heading has-text-align-center\">Arriving and starting the Cares Route<\/h2>\n\n\n\n<p class=\"wp-block-paragraph\">The first step is to decide which end of the trail you want to start at.<\/p>\n\n\n\n<figure class=\"wp-block-image alignleft size-full is-resized has-custom-border\"><img loading=\"lazy\" decoding=\"async\" width=\"1129\" height=\"1500\" src=\"https:\/\/www.rotadoamanha.com\/wp-content\/uploads\/2025\/04\/RutadelCares_13.jpg\" alt=\"\" class=\"wp-image-8263\" style=\"border-width:3px;border-radius:20px;width:450px\" srcset=\"https:\/\/www.rotadoamanha.com\/wp-content\/uploads\/2025\/04\/RutadelCares_13.jpg 1129w, https:\/\/www.rotadoamanha.com\/wp-content\/uploads\/2025\/04\/RutadelCares_13-226x300.jpg 226w, https:\/\/www.rotadoamanha.com\/wp-content\/uploads\/2025\/04\/RutadelCares_13-771x1024.jpg 771w, https:\/\/www.rotadoamanha.com\/wp-content\/uploads\/2025\/04\/RutadelCares_13-768x1020.jpg 768w, https:\/\/www.rotadoamanha.com\/wp-content\/uploads\/2025\/04\/RutadelCares_13-9x12.jpg 9w\" sizes=\"auto, (max-width: 1129px) 100vw, 1129px\" \/><\/figure>\n\n\n\n<p class=\"wp-block-paragraph\">Since it is a linear path, you can choose to <strong>start in Poncebos or Ca\u00edn<\/strong>. In our case, we started in Poncebos because it was the closest point to our lodging, and that\u2019s the route we recommend for a few reasons:<\/p>\n\n\n\n<ul class=\"wp-block-list\">\n<li>The hardest part of the trail is the first 2 km heading toward Poncebos\u2013Ca\u00edn. If you start with this section of the trail, you\u2019ll tackle the hardest part right away (when the weather is milder in the early morning) and won\u2019t have to exert that much effort later on, when you\u2019ve already walked a few kilometers and are feeling more tired;<\/li>\n\n\n\n<li>The most unique part of the trail is the approach to Ca\u00edn. Starting from Poncebos allows you to enjoy stunning views that gradually \u201cunfold\u201d until you\u2019re surprised upon arriving in Ca\u00edn.<\/li>\n\n\n\n<li>The facilities on the Ca\u00edn side for lunch are more pleasant. On the Poncebos side, you still have to walk a bit to reach the nearest restaurant and caf\u00e9, whereas on the Ca\u00edn side, you\u2019ll immediately find several small shops catering to hikers, offering food, coffee, restrooms, and souvenirs. There are also picnic tables where you can eat the lunch you\u2019ve brought along.<\/li>\n<\/ul>\n\n\n\n<p class=\"wp-block-paragraph\">There are several options for getting to the trailhead. Please note that Poncebos has limited parking, and during the summer it can get very crowded. Therefore, we strongly recommend using public transportation.<\/p>\n\n\n\n<p class=\"wp-block-paragraph\">On <a href=\"https:\/\/www.turismoasturias.es\/pt\/descubre\/naturaleza\/rutas\/senderismo\/ruta-del-cares\" target=\"_blank\" rel=\"noopener\" title=\"\">Asturias Tourism Website<\/a>, you will find the dates starting from which special shuttle services are available to various tourist attractions, including the Cares Route. In our case (in September 2024), we left our car at the Arenas de Cabrales parking lot and took the first bus to Poncebos at 8:00 a.m., arriving at our destination about 30 minutes later. There\u2019s also the option to leave your car at the Aparcamiento de Ovar, which is closer to Poncebos. To return, we took the first bus of the afternoon (at 5:30 p.m.), and we had to wait about an hour for it.<\/p>\n\n\n\n<p class=\"wp-block-paragraph\">This trip cost \u20ac3 round-trip (in 2024), and we chose to buy the ticket online, even though they\u2019re also sold on the bus itself. If you buy the ticket online, be sure to search on the <a href=\"https:\/\/www.alsa.es\/\" target=\"_blank\" rel=\"noopener\" title=\"\">Alsa's website in spanish<\/a>, since the Portuguese language option usually gives an error. For the departure location, you should enter \u201cArenas (Cabrales),\u201d and for the destination, \u201cPoncebos.\u201d These buses only run on the dates listed on the Asturias Tourism website, which are usually during long weekends in April and May and from early June through mid-October.<\/p>\n\n\n\n<div style=\"height:61px\" aria-hidden=\"true\" class=\"wp-block-spacer\"><\/div>\n\n\n\n<div class=\"wp-block-columns is-layout-flex wp-container-core-columns-is-layout-7387b849 wp-block-columns-is-layout-flex\">\n<div class=\"wp-block-column is-layout-flow wp-block-column-is-layout-flow\">\n<figure class=\"wp-block-image aligncenter size-full has-custom-border\"><img loading=\"lazy\" decoding=\"async\" width=\"1500\" height=\"1001\" src=\"https:\/\/www.rotadoamanha.com\/wp-content\/uploads\/2025\/04\/RutadelCares_18.jpg\" alt=\"\" class=\"wp-image-8268\" style=\"border-width:3px;border-radius:20px\" srcset=\"https:\/\/www.rotadoamanha.com\/wp-content\/uploads\/2025\/04\/RutadelCares_18.jpg 1500w, https:\/\/www.rotadoamanha.com\/wp-content\/uploads\/2025\/04\/RutadelCares_18-300x200.jpg 300w, https:\/\/www.rotadoamanha.com\/wp-content\/uploads\/2025\/04\/RutadelCares_18-1024x683.jpg 1024w, https:\/\/www.rotadoamanha.com\/wp-content\/uploads\/2025\/04\/RutadelCares_18-768x513.jpg 768w, https:\/\/www.rotadoamanha.com\/wp-content\/uploads\/2025\/04\/RutadelCares_18-18x12.jpg 18w\" sizes=\"auto, (max-width: 1500px) 100vw, 1500px\" \/><\/figure>\n<\/div>\n\n\n\n<div class=\"wp-block-column is-layout-flow wp-block-column-is-layout-flow\">\n<figure class=\"wp-block-image aligncenter size-full has-custom-border\"><img loading=\"lazy\" decoding=\"async\" width=\"1600\" height=\"1068\" src=\"https:\/\/www.rotadoamanha.com\/wp-content\/uploads\/2025\/04\/RutadelCares_19.jpg\" alt=\"\" class=\"wp-image-8269\" style=\"border-width:3px;border-radius:20px\" srcset=\"https:\/\/www.rotadoamanha.com\/wp-content\/uploads\/2025\/04\/RutadelCares_19.jpg 1600w, https:\/\/www.rotadoamanha.com\/wp-content\/uploads\/2025\/04\/RutadelCares_19-300x200.jpg 300w, https:\/\/www.rotadoamanha.com\/wp-content\/uploads\/2025\/04\/RutadelCares_19-1024x684.jpg 1024w, https:\/\/www.rotadoamanha.com\/wp-content\/uploads\/2025\/04\/RutadelCares_19-768x513.jpg 768w, https:\/\/www.rotadoamanha.com\/wp-content\/uploads\/2025\/04\/RutadelCares_19-1536x1025.jpg 1536w, https:\/\/www.rotadoamanha.com\/wp-content\/uploads\/2025\/04\/RutadelCares_19-18x12.jpg 18w\" sizes=\"auto, (max-width: 1600px) 100vw, 1600px\" \/><\/figure>\n<\/div>\n<\/div>\n\n\n\n<div style=\"height:61px\" aria-hidden=\"true\" class=\"wp-block-spacer\"><\/div>\n\n\n\n<h2 class=\"wp-block-heading has-text-align-center\">Making Cares Route<\/h2>\n\n\n\n<p class=\"wp-block-paragraph\">During the hike, you won't have to worry about directions: the trail is well marked and there's no way to get lost; you just need to find the trailhead.<\/p>\n\n\n\n<p class=\"wp-block-paragraph\">When you get off the bus in Poncebos, that\u2019s where the adventure begins. From here, cross the bridge over the river and head left, up the hill. Follow the road for about 850 meters, until it turns into a dirt road and you see a small support structure on your left: the trail begins right in front of that structure, on your right.<\/p>\n\n\n\n<div style=\"height:41px\" aria-hidden=\"true\" class=\"wp-block-spacer\"><\/div>\n\n\n\n<div class=\"wp-block-columns is-layout-flex wp-container-core-columns-is-layout-7387b849 wp-block-columns-is-layout-flex\">\n<div class=\"wp-block-column is-layout-flow wp-block-column-is-layout-flow\">\n<figure class=\"wp-block-image aligncenter size-full has-custom-border\"><img loading=\"lazy\" decoding=\"async\" width=\"801\" height=\"1200\" src=\"https:\/\/www.rotadoamanha.com\/wp-content\/uploads\/2025\/04\/Ruta-del-Cares_2.jpg\" alt=\"\" class=\"wp-image-8250\" style=\"border-width:3px;border-radius:20px\" srcset=\"https:\/\/www.rotadoamanha.com\/wp-content\/uploads\/2025\/04\/Ruta-del-Cares_2.jpg 801w, https:\/\/www.rotadoamanha.com\/wp-content\/uploads\/2025\/04\/Ruta-del-Cares_2-200x300.jpg 200w, https:\/\/www.rotadoamanha.com\/wp-content\/uploads\/2025\/04\/Ruta-del-Cares_2-684x1024.jpg 684w, https:\/\/www.rotadoamanha.com\/wp-content\/uploads\/2025\/04\/Ruta-del-Cares_2-768x1151.jpg 768w, https:\/\/www.rotadoamanha.com\/wp-content\/uploads\/2025\/04\/Ruta-del-Cares_2-8x12.jpg 8w\" sizes=\"auto, (max-width: 801px) 100vw, 801px\" \/><figcaption class=\"wp-element-caption\">The start of our journey, in Poncebos<\/figcaption><\/figure>\n<\/div>\n\n\n\n<div class=\"wp-block-column is-layout-flow wp-block-column-is-layout-flow\">\n<figure class=\"wp-block-image aligncenter size-full has-custom-border\"><img loading=\"lazy\" decoding=\"async\" width=\"801\" height=\"1200\" src=\"https:\/\/www.rotadoamanha.com\/wp-content\/uploads\/2025\/04\/Ruta-del-Cares_3.jpg\" alt=\"\" class=\"wp-image-8251\" style=\"border-width:3px;border-radius:20px\" srcset=\"https:\/\/www.rotadoamanha.com\/wp-content\/uploads\/2025\/04\/Ruta-del-Cares_3.jpg 801w, https:\/\/www.rotadoamanha.com\/wp-content\/uploads\/2025\/04\/Ruta-del-Cares_3-200x300.jpg 200w, https:\/\/www.rotadoamanha.com\/wp-content\/uploads\/2025\/04\/Ruta-del-Cares_3-684x1024.jpg 684w, https:\/\/www.rotadoamanha.com\/wp-content\/uploads\/2025\/04\/Ruta-del-Cares_3-768x1151.jpg 768w, https:\/\/www.rotadoamanha.com\/wp-content\/uploads\/2025\/04\/Ruta-del-Cares_3-8x12.jpg 8w\" sizes=\"auto, (max-width: 801px) 100vw, 801px\" \/><figcaption class=\"wp-element-caption\">The first climb!<\/figcaption><\/figure>\n<\/div>\n<\/div>\n\n\n\n<div style=\"height:45px\" aria-hidden=\"true\" class=\"wp-block-spacer\"><\/div>\n\n\n\n<p class=\"wp-block-paragraph\">This is undoubtedly the hardest part of the trail. Over the next <strong>2km<\/strong> you will climb over uneven terrain. You will continue climbing until you reach a building, and after one more push, the path will level out. From here on, the path will go up and down, but only slightly, so the effort required is minimal.<\/p>\n\n\n\n<p class=\"wp-block-paragraph\">As you walk along, look to your right and look for the water channel. We found this concept really funny\u2014we were constantly trying to figure out where the tunnel ran, and whenever there were openings that allowed us to see the tunnel, we were mesmerized by this structure.<\/p>\n\n\n\n<div style=\"height:33px\" aria-hidden=\"true\" class=\"wp-block-spacer\"><\/div>\n\n\n\n<div class=\"wp-block-columns is-layout-flex wp-container-core-columns-is-layout-7387b849 wp-block-columns-is-layout-flex\">\n<div class=\"wp-block-column is-layout-flow wp-block-column-is-layout-flow\">\n<figure class=\"wp-block-image size-full has-custom-border\"><img loading=\"lazy\" decoding=\"async\" width=\"734\" height=\"1100\" src=\"https:\/\/www.rotadoamanha.com\/wp-content\/uploads\/2025\/04\/RutadelCares_11.jpg\" alt=\"\" class=\"wp-image-8261\" style=\"border-width:3px;border-radius:20px\" srcset=\"https:\/\/www.rotadoamanha.com\/wp-content\/uploads\/2025\/04\/RutadelCares_11.jpg 734w, https:\/\/www.rotadoamanha.com\/wp-content\/uploads\/2025\/04\/RutadelCares_11-200x300.jpg 200w, https:\/\/www.rotadoamanha.com\/wp-content\/uploads\/2025\/04\/RutadelCares_11-683x1024.jpg 683w, https:\/\/www.rotadoamanha.com\/wp-content\/uploads\/2025\/04\/RutadelCares_11-8x12.jpg 8w\" sizes=\"auto, (max-width: 734px) 100vw, 734px\" \/><\/figure>\n<\/div>\n\n\n\n<div class=\"wp-block-column is-layout-flow wp-block-column-is-layout-flow\">\n<figure class=\"wp-block-image size-full has-custom-border\"><img loading=\"lazy\" decoding=\"async\" width=\"1001\" height=\"1500\" src=\"https:\/\/www.rotadoamanha.com\/wp-content\/uploads\/2025\/04\/RutadelCares_12.jpg\" alt=\"\" class=\"wp-image-8262\" style=\"border-width:3px;border-radius:20px\" srcset=\"https:\/\/www.rotadoamanha.com\/wp-content\/uploads\/2025\/04\/RutadelCares_12.jpg 1001w, https:\/\/www.rotadoamanha.com\/wp-content\/uploads\/2025\/04\/RutadelCares_12-200x300.jpg 200w, https:\/\/www.rotadoamanha.com\/wp-content\/uploads\/2025\/04\/RutadelCares_12-683x1024.jpg 683w, https:\/\/www.rotadoamanha.com\/wp-content\/uploads\/2025\/04\/RutadelCares_12-768x1151.jpg 768w, https:\/\/www.rotadoamanha.com\/wp-content\/uploads\/2025\/04\/RutadelCares_12-8x12.jpg 8w\" sizes=\"auto, (max-width: 1001px) 100vw, 1001px\" \/><\/figure>\n<\/div>\n\n\n\n<div class=\"wp-block-column is-layout-flow wp-block-column-is-layout-flow\">\n<figure class=\"wp-block-image size-full has-custom-border\"><img loading=\"lazy\" decoding=\"async\" width=\"1001\" height=\"1500\" src=\"https:\/\/www.rotadoamanha.com\/wp-content\/uploads\/2025\/04\/RutadelCares_14.jpg\" alt=\"\" class=\"wp-image-8264\" style=\"border-width:3px;border-radius:20px\" srcset=\"https:\/\/www.rotadoamanha.com\/wp-content\/uploads\/2025\/04\/RutadelCares_14.jpg 1001w, https:\/\/www.rotadoamanha.com\/wp-content\/uploads\/2025\/04\/RutadelCares_14-200x300.jpg 200w, https:\/\/www.rotadoamanha.com\/wp-content\/uploads\/2025\/04\/RutadelCares_14-683x1024.jpg 683w, https:\/\/www.rotadoamanha.com\/wp-content\/uploads\/2025\/04\/RutadelCares_14-768x1151.jpg 768w, https:\/\/www.rotadoamanha.com\/wp-content\/uploads\/2025\/04\/RutadelCares_14-8x12.jpg 8w\" sizes=\"auto, (max-width: 1001px) 100vw, 1001px\" \/><\/figure>\n<\/div>\n<\/div>\n\n\n\n<div style=\"height:56px\" aria-hidden=\"true\" class=\"wp-block-spacer\"><\/div>\n\n\n\n<script async=\"\" src=\"https:\/\/pagead2.googlesyndication.com\/pagead\/js\/adsbygoogle.js\"><\/script>\n<!-- Verticais laterais -->\n<ins class=\"adsbygoogle\" style=\"display:block\" data-ad-client=\"ca-pub-4062967657049718\" data-ad-slot=\"8857927712\" data-ad-format=\"auto\" data-full-width-responsive=\"true\"><\/ins>\n<script>\n     (adsbygoogle = window.adsbygoogle || []).push({});\n<\/script>\n\n\n\n<div style=\"height:62px\" aria-hidden=\"true\" class=\"wp-block-spacer\"><\/div>\n\n\n\n<p class=\"wp-block-paragraph\">Along the way, you\u2019ll also come across a few cave-like tunnels (some smaller, others larger), which will provide the only shade for most of the route.<\/p>\n\n\n\n<p class=\"wp-block-paragraph\">On the border between Asturias and Castile and Le\u00f3n, you'll find the <strong>Passarela de los Martinez<\/strong>, formerly known as La Madama de La Huertona, which was destroyed in 2012 when a rock weighing more than one metric ton blocked the path. As a solution, a wooden walkway was built here to replace the original path.<\/p>\n\n\n\n<div style=\"height:35px\" aria-hidden=\"true\" class=\"wp-block-spacer\"><\/div>\n\n\n\n<figure class=\"wp-block-image aligncenter size-full has-custom-border\"><img loading=\"lazy\" decoding=\"async\" width=\"1500\" height=\"844\" src=\"https:\/\/www.rotadoamanha.com\/wp-content\/uploads\/2025\/04\/RutadelCares_7.jpg\" alt=\"Passarela de los Martinez\" class=\"wp-image-8254\" style=\"border-width:3px;border-radius:20px\" srcset=\"https:\/\/www.rotadoamanha.com\/wp-content\/uploads\/2025\/04\/RutadelCares_7.jpg 1500w, https:\/\/www.rotadoamanha.com\/wp-content\/uploads\/2025\/04\/RutadelCares_7-300x169.jpg 300w, https:\/\/www.rotadoamanha.com\/wp-content\/uploads\/2025\/04\/RutadelCares_7-1024x576.jpg 1024w, https:\/\/www.rotadoamanha.com\/wp-content\/uploads\/2025\/04\/RutadelCares_7-768x432.jpg 768w, https:\/\/www.rotadoamanha.com\/wp-content\/uploads\/2025\/04\/RutadelCares_7-18x10.jpg 18w\" sizes=\"auto, (max-width: 1500px) 100vw, 1500px\" \/><figcaption class=\"wp-element-caption\">Passarela de los Martinez<\/figcaption><\/figure>\n\n\n\n<div style=\"height:37px\" aria-hidden=\"true\" class=\"wp-block-spacer\"><\/div>\n\n\n\n<p class=\"wp-block-paragraph\">Closer to Cain, the scenery changes: we cross the river via the <strong>Bol\u00edn Bridge<\/strong> and we began to look at the canal on the opposite side. A little further on, we crossed the <strong>Los Rebecos Bridge<\/strong> and started following the channel again.<\/p>\n\n\n\n<div style=\"height:46px\" aria-hidden=\"true\" class=\"wp-block-spacer\"><\/div>\n\n\n\n<div class=\"wp-block-columns is-layout-flex wp-container-core-columns-is-layout-7387b849 wp-block-columns-is-layout-flex\">\n<div class=\"wp-block-column is-layout-flow wp-block-column-is-layout-flow\">\n<figure class=\"wp-block-image aligncenter size-full has-custom-border\"><img loading=\"lazy\" decoding=\"async\" width=\"668\" height=\"1000\" src=\"https:\/\/www.rotadoamanha.com\/wp-content\/uploads\/2025\/04\/RutadelCares_8.jpg\" alt=\"\" class=\"wp-image-8256\" style=\"border-width:3px;border-radius:20px\" srcset=\"https:\/\/www.rotadoamanha.com\/wp-content\/uploads\/2025\/04\/RutadelCares_8.jpg 668w, https:\/\/www.rotadoamanha.com\/wp-content\/uploads\/2025\/04\/RutadelCares_8-200x300.jpg 200w, https:\/\/www.rotadoamanha.com\/wp-content\/uploads\/2025\/04\/RutadelCares_8-8x12.jpg 8w\" sizes=\"auto, (max-width: 668px) 100vw, 668px\" \/><figcaption class=\"wp-element-caption\">The last bridge before reaching Ca\u00edn<\/figcaption><\/figure>\n<\/div>\n\n\n\n<div class=\"wp-block-column is-layout-flow wp-block-column-is-layout-flow\">\n<figure class=\"wp-block-image aligncenter size-full has-custom-border\"><img loading=\"lazy\" decoding=\"async\" width=\"1000\" height=\"1500\" src=\"https:\/\/www.rotadoamanha.com\/wp-content\/uploads\/2025\/04\/RutadelCares_9.jpg\" alt=\"Vista \u00e0 chegada de Ca\u00edn\" class=\"wp-image-8257\" style=\"border-width:3px;border-radius:20px\" srcset=\"https:\/\/www.rotadoamanha.com\/wp-content\/uploads\/2025\/04\/RutadelCares_9.jpg 1000w, https:\/\/www.rotadoamanha.com\/wp-content\/uploads\/2025\/04\/RutadelCares_9-200x300.jpg 200w, https:\/\/www.rotadoamanha.com\/wp-content\/uploads\/2025\/04\/RutadelCares_9-683x1024.jpg 683w, https:\/\/www.rotadoamanha.com\/wp-content\/uploads\/2025\/04\/RutadelCares_9-768x1152.jpg 768w, https:\/\/www.rotadoamanha.com\/wp-content\/uploads\/2025\/04\/RutadelCares_9-8x12.jpg 8w\" sizes=\"auto, (max-width: 1000px) 100vw, 1000px\" \/><figcaption class=\"wp-element-caption\">The view upon arrival in Ca\u00edn<\/figcaption><\/figure>\n<\/div>\n<\/div>\n\n\n\n<div style=\"height:47px\" aria-hidden=\"true\" class=\"wp-block-spacer\"><\/div>\n\n\n\n<figure class=\"wp-block-image aligncenter size-full has-custom-border\"><img loading=\"lazy\" decoding=\"async\" width=\"1600\" height=\"900\" src=\"https:\/\/www.rotadoamanha.com\/wp-content\/uploads\/2025\/04\/RutadelCares_10.jpg\" alt=\"Puente de Los Rebecos\" class=\"wp-image-8258\" style=\"border-width:3px;border-radius:20px\" srcset=\"https:\/\/www.rotadoamanha.com\/wp-content\/uploads\/2025\/04\/RutadelCares_10.jpg 1600w, https:\/\/www.rotadoamanha.com\/wp-content\/uploads\/2025\/04\/RutadelCares_10-300x169.jpg 300w, https:\/\/www.rotadoamanha.com\/wp-content\/uploads\/2025\/04\/RutadelCares_10-1024x576.jpg 1024w, https:\/\/www.rotadoamanha.com\/wp-content\/uploads\/2025\/04\/RutadelCares_10-768x432.jpg 768w, https:\/\/www.rotadoamanha.com\/wp-content\/uploads\/2025\/04\/RutadelCares_10-1536x864.jpg 1536w, https:\/\/www.rotadoamanha.com\/wp-content\/uploads\/2025\/04\/RutadelCares_10-18x10.jpg 18w\" sizes=\"auto, (max-width: 1600px) 100vw, 1600px\" \/><figcaption class=\"wp-element-caption\">Los Rebecos Bridge<\/figcaption><\/figure>\n\n\n\n<div style=\"height:47px\" aria-hidden=\"true\" class=\"wp-block-spacer\"><\/div>\n\n\n\n<div class=\"wp-block-columns is-layout-flex wp-container-core-columns-is-layout-7387b849 wp-block-columns-is-layout-flex\">\n<div class=\"wp-block-column is-layout-flow wp-block-column-is-layout-flow\">\n<figure class=\"wp-block-image aligncenter size-full has-custom-border\"><img loading=\"lazy\" decoding=\"async\" width=\"668\" height=\"1000\" src=\"https:\/\/www.rotadoamanha.com\/wp-content\/uploads\/2025\/04\/RutadelCares_15.jpg\" alt=\"\" class=\"wp-image-8270\" style=\"border-width:3px;border-radius:20px\" srcset=\"https:\/\/www.rotadoamanha.com\/wp-content\/uploads\/2025\/04\/RutadelCares_15.jpg 668w, https:\/\/www.rotadoamanha.com\/wp-content\/uploads\/2025\/04\/RutadelCares_15-200x300.jpg 200w, https:\/\/www.rotadoamanha.com\/wp-content\/uploads\/2025\/04\/RutadelCares_15-8x12.jpg 8w\" sizes=\"auto, (max-width: 668px) 100vw, 668px\" \/><\/figure>\n<\/div>\n\n\n\n<div class=\"wp-block-column is-layout-flow wp-block-column-is-layout-flow\">\n<figure class=\"wp-block-image size-full has-custom-border\"><img loading=\"lazy\" decoding=\"async\" width=\"668\" height=\"1000\" src=\"https:\/\/www.rotadoamanha.com\/wp-content\/uploads\/2025\/04\/RutadelCares_16.jpg\" alt=\"\" class=\"wp-image-8271\" style=\"border-width:3px;border-radius:20px\" srcset=\"https:\/\/www.rotadoamanha.com\/wp-content\/uploads\/2025\/04\/RutadelCares_16.jpg 668w, https:\/\/www.rotadoamanha.com\/wp-content\/uploads\/2025\/04\/RutadelCares_16-200x300.jpg 200w, https:\/\/www.rotadoamanha.com\/wp-content\/uploads\/2025\/04\/RutadelCares_16-8x12.jpg 8w\" sizes=\"auto, (max-width: 668px) 100vw, 668px\" \/><\/figure>\n<\/div>\n<\/div>\n\n\n\n<div style=\"height:43px\" aria-hidden=\"true\" class=\"wp-block-spacer\"><\/div>\n\n\n\n<p class=\"wp-block-paragraph\">The entrance to Ca\u00edn is through a series of long, damp tunnels that lead to a dam-like structure. From there, follow the path for a few more meters until you reach the cafes, restaurants, and tourist shops.<\/p>\n\n\n\n<div style=\"height:50px\" aria-hidden=\"true\" class=\"wp-block-spacer\"><\/div>\n\n\n\n<p class=\"wp-block-paragraph\">Almost 7 hours after we set out, we finished the Cares Route. We felt tired but also happy: it\u2019s a stunning trail with unforgettable views, and one of the places we most highly recommend when talking about the Picos de Europa.<\/p>\n\n\n\n<div style=\"height:57px\" aria-hidden=\"true\" class=\"wp-block-spacer\"><\/div>\n\n\n\n<script async=\"\" src=\"https:\/\/pagead2.googlesyndication.com\/pagead\/js\/adsbygoogle.js\"><\/script>\n<!-- Verticais laterais -->\n<ins class=\"adsbygoogle\" style=\"display:block\" data-ad-client=\"ca-pub-4062967657049718\" data-ad-slot=\"8857927712\" data-ad-format=\"auto\" data-full-width-responsive=\"true\"><\/ins>\n<script>\n     (adsbygoogle = window.adsbygoogle || []).push({});\n<\/script>\n\n\n\n<div style=\"height:65px\" aria-hidden=\"true\" class=\"wp-block-spacer\"><\/div>\n\n\n\n<h2 class=\"wp-block-heading has-text-align-center\">more to see<\/h2>\n\n\n\n<div class=\"wp-block-columns is-layout-flex wp-container-core-columns-is-layout-7387b849 wp-block-columns-is-layout-flex\">\n<div class=\"wp-block-column is-layout-flow wp-block-column-is-layout-flow\">\n<figure class=\"wp-block-image aligncenter size-full\"><a href=\"https:\/\/www.rotadoamanha.com\/en\/bulnes\/\"><img loading=\"lazy\" decoding=\"async\" width=\"720\" height=\"960\" src=\"https:\/\/www.rotadoamanha.com\/wp-content\/uploads\/2024\/10\/Bulnes_Menu_MaisParaVer.jpg\" alt=\"Bulnes\" class=\"wp-image-7321\" srcset=\"https:\/\/www.rotadoamanha.com\/wp-content\/uploads\/2024\/10\/Bulnes_Menu_MaisParaVer.jpg 720w, https:\/\/www.rotadoamanha.com\/wp-content\/uploads\/2024\/10\/Bulnes_Menu_MaisParaVer-225x300.jpg 225w, https:\/\/www.rotadoamanha.com\/wp-content\/uploads\/2024\/10\/Bulnes_Menu_MaisParaVer-9x12.jpg 9w\" sizes=\"auto, (max-width: 720px) 100vw, 720px\" \/><\/a><figcaption class=\"wp-element-caption\"><a href=\"https:\/\/www.rotadoamanha.com\/en\/bulnes\/\" target=\"_blank\" rel=\"noopener\" title=\"\">Bulnes<\/a><\/figcaption><\/figure>\n<\/div>\n\n\n\n<div class=\"wp-block-column is-layout-flow wp-block-column-is-layout-flow\">\n<figure class=\"wp-block-image aligncenter size-full\"><a href=\"https:\/\/www.rotadoamanha.com\/en\/drave\/\"><img loading=\"lazy\" decoding=\"async\" width=\"720\" height=\"960\" src=\"https:\/\/www.rotadoamanha.com\/wp-content\/uploads\/2025\/02\/Drave_a_Regoufe_Aldeia_Magica_Menu_MaisParaVer.jpg\" alt=\"De Regoufe a Drave: Trilho da Aldeia M\u00e1gica\" class=\"wp-image-7911\" srcset=\"https:\/\/www.rotadoamanha.com\/wp-content\/uploads\/2025\/02\/Drave_a_Regoufe_Aldeia_Magica_Menu_MaisParaVer.jpg 720w, https:\/\/www.rotadoamanha.com\/wp-content\/uploads\/2025\/02\/Drave_a_Regoufe_Aldeia_Magica_Menu_MaisParaVer-225x300.jpg 225w, https:\/\/www.rotadoamanha.com\/wp-content\/uploads\/2025\/02\/Drave_a_Regoufe_Aldeia_Magica_Menu_MaisParaVer-9x12.jpg 9w\" sizes=\"auto, (max-width: 720px) 100vw, 720px\" \/><\/a><figcaption class=\"wp-element-caption\"><a href=\"https:\/\/www.rotadoamanha.com\/en\/drave\/\" target=\"_blank\" rel=\"noopener\" title=\"From Regoufe to Drave: The Magical Village Trail\">From Regoufe to Drave: The Magical Village Trail<\/a><\/figcaption><\/figure>\n<\/div>\n\n\n\n<div class=\"wp-block-column is-layout-flow wp-block-column-is-layout-flow\">\n<figure class=\"wp-block-image aligncenter size-full\"><a href=\"https:\/\/www.rotadoamanha.com\/en\/rota-das-laranjeiras\/\"><img loading=\"lazy\" decoding=\"async\" width=\"720\" height=\"960\" src=\"https:\/\/www.rotadoamanha.com\/wp-content\/uploads\/2024\/01\/RotaLaranjeiras_Menu_MaisParaVer.png\" alt=\"Menu Rota das Laranjeiras\" class=\"wp-image-6686\" srcset=\"https:\/\/www.rotadoamanha.com\/wp-content\/uploads\/2024\/01\/RotaLaranjeiras_Menu_MaisParaVer.png 720w, https:\/\/www.rotadoamanha.com\/wp-content\/uploads\/2024\/01\/RotaLaranjeiras_Menu_MaisParaVer-225x300.png 225w, https:\/\/www.rotadoamanha.com\/wp-content\/uploads\/2024\/01\/RotaLaranjeiras_Menu_MaisParaVer-9x12.png 9w\" sizes=\"auto, (max-width: 720px) 100vw, 720px\" \/><\/a><figcaption class=\"wp-element-caption\"><a href=\"https:\/\/www.rotadoamanha.com\/en\/rota-das-laranjeiras\/\" target=\"_blank\" rel=\"noopener\" title=\"\">Orange Tree Route<\/a><\/figcaption><\/figure>\n<\/div>\n<\/div>\n\n\n\n<div style=\"height:42px\" aria-hidden=\"true\" class=\"wp-block-spacer\"><\/div>\n\n\n\n<ul class=\"wp-block-social-links has-icon-color has-icon-background-color is-style-pill-shape is-content-justification-center is-layout-flex wp-container-core-social-links-is-layout-3e41869c wp-block-social-links-is-layout-flex\"><li style=\"color:var(--ast-global-color-5);background-color:var(--ast-global-color-8)\" class=\"wp-social-link wp-social-link-facebook has-ast-global-color-5-color has-ast-global-color-8-background-color wp-block-social-link\"><a href=\"http:\/\/facebook.com\/rotadoamanha\/\" class=\"wp-block-social-link-anchor\"><svg width=\"24\" height=\"24\" viewbox=\"0 0 24 24\" version=\"1.1\" xmlns=\"http:\/\/www.w3.org\/2000\/svg\" aria-hidden=\"true\" focusable=\"false\"><path d=\"M12 2C6.5 2 2 6.5 2 12c0 5 3.7 9.1 8.4 9.9v-7H7.9V12h2.5V9.8c0-2.5 1.5-3.9 3.8-3.9 1.1 0 2.2.2 2.2.2v2.5h-1.3c-1.2 0-1.6.8-1.6 1.6V12h2.8l-.4 2.9h-2.3v7C18.3 21.1 22 17 22 12c0-5.5-4.5-10-10-10z\"><\/path><\/svg><span class=\"wp-block-social-link-label screen-reader-text\">Facebook<\/span><\/a><\/li>\n\n<li style=\"color:var(--ast-global-color-5);background-color:var(--ast-global-color-8)\" class=\"wp-social-link wp-social-link-instagram has-ast-global-color-5-color has-ast-global-color-8-background-color wp-block-social-link\"><a href=\"https:\/\/instagram.com\/rotadoamanha\" class=\"wp-block-social-link-anchor\"><svg width=\"24\" height=\"24\" viewbox=\"0 0 24 24\" version=\"1.1\" xmlns=\"http:\/\/www.w3.org\/2000\/svg\" aria-hidden=\"true\" focusable=\"false\"><path d=\"M12,4.622c2.403,0,2.688,0.009,3.637,0.052c0.877,0.04,1.354,0.187,1.671,0.31c0.42,0.163,0.72,0.358,1.035,0.673 c0.315,0.315,0.51,0.615,0.673,1.035c0.123,0.317,0.27,0.794,0.31,1.671c0.043,0.949,0.052,1.234,0.052,3.637 s-0.009,2.688-0.052,3.637c-0.04,0.877-0.187,1.354-0.31,1.671c-0.163,0.42-0.358,0.72-0.673,1.035 c-0.315,0.315-0.615,0.51-1.035,0.673c-0.317,0.123-0.794,0.27-1.671,0.31c-0.949,0.043-1.233,0.052-3.637,0.052 s-2.688-0.009-3.637-0.052c-0.877-0.04-1.354-0.187-1.671-0.31c-0.42-0.163-0.72-0.358-1.035-0.673 c-0.315-0.315-0.51-0.615-0.673-1.035c-0.123-0.317-0.27-0.794-0.31-1.671C4.631,14.688,4.622,14.403,4.622,12 s0.009-2.688,0.052-3.637c0.04-0.877,0.187-1.354,0.31-1.671c0.163-0.42,0.358-0.72,0.673-1.035 c0.315-0.315,0.615-0.51,1.035-0.673c0.317-0.123,0.794-0.27,1.671-0.31C9.312,4.631,9.597,4.622,12,4.622 M12,3 C9.556,3,9.249,3.01,8.289,3.054C7.331,3.098,6.677,3.25,6.105,3.472C5.513,3.702,5.011,4.01,4.511,4.511 c-0.5,0.5-0.808,1.002-1.038,1.594C3.25,6.677,3.098,7.331,3.054,8.289C3.01,9.249,3,9.556,3,12c0,2.444,0.01,2.751,0.054,3.711 c0.044,0.958,0.196,1.612,0.418,2.185c0.23,0.592,0.538,1.094,1.038,1.594c0.5,0.5,1.002,0.808,1.594,1.038 c0.572,0.222,1.227,0.375,2.185,0.418C9.249,20.99,9.556,21,12,21s2.751-0.01,3.711-0.054c0.958-0.044,1.612-0.196,2.185-0.418 c0.592-0.23,1.094-0.538,1.594-1.038c0.5-0.5,0.808-1.002,1.038-1.594c0.222-0.572,0.375-1.227,0.418-2.185 C20.99,14.751,21,14.444,21,12s-0.01-2.751-0.054-3.711c-0.044-0.958-0.196-1.612-0.418-2.185c-0.23-0.592-0.538-1.094-1.038-1.594 c-0.5-0.5-1.002-0.808-1.594-1.038c-0.572-0.222-1.227-0.375-2.185-0.418C14.751,3.01,14.444,3,12,3L12,3z M12,7.378 c-2.552,0-4.622,2.069-4.622,4.622S9.448,16.622,12,16.622s4.622-2.069,4.622-4.622S14.552,7.378,12,7.378z M12,15 c-1.657,0-3-1.343-3-3s1.343-3,3-3s3,1.343,3,3S13.657,15,12,15z M16.804,6.116c-0.596,0-1.08,0.484-1.08,1.08 s0.484,1.08,1.08,1.08c0.596,0,1.08-0.484,1.08-1.08S17.401,6.116,16.804,6.116z\"><\/path><\/svg><span class=\"wp-block-social-link-label screen-reader-text\">Instagram<\/span><\/a><\/li><\/ul>\n\n\n\n<div style=\"height:45px\" aria-hidden=\"true\" class=\"wp-block-spacer\"><\/div>\n\n\n\n<p class=\"wp-block-paragraph\"><\/p>","protected":false},"excerpt":{"rendered":"<p>A Ruta del Cares, tamb\u00e9m conhecida como Garganta Divina, \u00e9 um destino que praticamente todos os f\u00e3s de caminhada j\u00e1 ouviram falar. Primeiro pela sua localiza\u00e7\u00e3o: no incr\u00edvel Parque Nacional dos Picos de Europa. E seguidamente pela beleza e hist\u00f3ria que det\u00e9m. Hist\u00f3ria da Ruta del Cares e Trilho A Ruta del Cares consiste no [&hellip;]<\/p>\n","protected":false},"author":1,"featured_media":8258,"comment_status":"open","ping_status":"open","sticky":false,"template":"","format":"standard","meta":{"_uag_custom_page_level_css":"","site-sidebar-layout":"default","site-content-layout":"","ast-site-content-layout":"default","site-content-style":"default","site-sidebar-style":"default","ast-global-header-display":"","ast-banner-title-visibility":"","ast-main-header-display":"","ast-hfb-above-header-display":"","ast-hfb-below-header-display":"","ast-hfb-mobile-header-display":"","site-post-title":"","ast-breadcrumbs-content":"","ast-featured-img":"disabled","footer-sml-layout":"","ast-disable-related-posts":"","theme-transparent-header-meta":"","adv-header-id-meta":"","stick-header-meta":"","header-above-stick-meta":"","header-main-stick-meta":"","header-below-stick-meta":"","astra-migrate-meta-layouts":"set","ast-page-background-enabled":"default","ast-page-background-meta":{"desktop":{"background-color":"","background-image":"","background-repeat":"repeat","background-position":"center center","background-size":"auto","background-attachment":"scroll","background-type":"","background-media":"","overlay-type":"","overlay-color":"","overlay-opacity":"","overlay-gradient":""},"tablet":{"background-color":"","background-image":"","background-repeat":"repeat","background-position":"center center","background-size":"auto","background-attachment":"scroll","background-type":"","background-media":"","overlay-type":"","overlay-color":"","overlay-opacity":"","overlay-gradient":""},"mobile":{"background-color":"","background-image":"","background-repeat":"repeat","background-position":"center center","background-size":"auto","background-attachment":"scroll","background-type":"","background-media":"","overlay-type":"","overlay-color":"","overlay-opacity":"","overlay-gradient":""}},"ast-content-background-meta":{"desktop":{"background-color":"var(--ast-global-color-5)","background-image":"","background-repeat":"repeat","background-position":"center center","background-size":"auto","background-attachment":"scroll","background-type":"","background-media":"","overlay-type":"","overlay-color":"","overlay-opacity":"","overlay-gradient":""},"tablet":{"background-color":"var(--ast-global-color-5)","background-image":"","background-repeat":"repeat","background-position":"center center","background-size":"auto","background-attachment":"scroll","background-type":"","background-media":"","overlay-type":"","overlay-color":"","overlay-opacity":"","overlay-gradient":""},"mobile":{"background-color":"var(--ast-global-color-5)","background-image":"","background-repeat":"repeat","background-position":"center center","background-size":"auto","background-attachment":"scroll","background-type":"","background-media":"","overlay-type":"","overlay-color":"","overlay-opacity":"","overlay-gradient":""}},"footnotes":""},"categories":[29,77],"tags":[],"class_list":["post-8238","post","type-post","status-publish","format-standard","has-post-thumbnail","hentry","category-espanha","category-trilhos"],"aioseo_notices":[],"aioseo_head":"\n\t\t<!-- All in One SEO 5.0.1.1 - aioseo.com -->\n\t<meta name=\"description\" content=\"A Ruta del Cares, no Parque Nacional dos Picos da Europa, \u00e9 o trilho mais famoso da regi\u00e3o, com vistas de cortar a respira\u00e7\u00e3o.\" \/>\n\t<meta name=\"robots\" content=\"max-image-preview:large\" \/>\n\t<meta name=\"author\" content=\"Rota do Amanh\u00e3\"\/>\n\t<meta name=\"p:domain_verify\" content=\"1ee7d58ebe1832d865d7e754ac4da021\" \/>\n\t<link rel=\"canonical\" href=\"https:\/\/www.rotadoamanha.com\/en\/ruta-del-cares\/\" \/>\n\t<meta name=\"generator\" content=\"All in One SEO (AIOSEO) 5.0.1.1\" \/>\n\t\t<meta property=\"og:locale\" content=\"en_US\" \/>\n\t\t<meta property=\"og:site_name\" content=\"Rota do Amanh\u00e3\" \/>\n\t\t<meta property=\"og:type\" content=\"article\" \/>\n\t\t<meta property=\"og:title\" content=\"Ruta del Cares: Trilho nos Picos da Europa - Rota do Amanh\u00e3\" \/>\n\t\t<meta property=\"og:description\" content=\"A Ruta del Cares, no Parque Nacional dos Picos da Europa, \u00e9 o trilho mais famoso da regi\u00e3o, com vistas de cortar a respira\u00e7\u00e3o.\" \/>\n\t\t<meta property=\"og:url\" content=\"https:\/\/www.rotadoamanha.com\/en\/ruta-del-cares\/\" \/>\n\t\t<meta property=\"og:image\" content=\"https:\/\/www.rotadoamanha.com\/wp-content\/uploads\/2025\/04\/RutadelCares_10.jpg\" \/>\n\t\t<meta property=\"og:image:secure_url\" content=\"https:\/\/www.rotadoamanha.com\/wp-content\/uploads\/2025\/04\/RutadelCares_10.jpg\" \/>\n\t\t<meta property=\"og:image:width\" content=\"1600\" \/>\n\t\t<meta property=\"og:image:height\" content=\"900\" \/>\n\t\t<meta property=\"article:published_time\" content=\"2025-04-29T19:11:32+00:00\" \/>\n\t\t<meta property=\"article:modified_time\" content=\"2026-02-17T20:21:19+00:00\" \/>\n\t\t<meta property=\"article:publisher\" content=\"https:\/\/www.facebook.com\/rotadoamanha\" \/>\n\t\t<meta name=\"twitter:card\" content=\"summary_large_image\" \/>\n\t\t<meta name=\"twitter:title\" content=\"Ruta del Cares: Trilho nos Picos da Europa - Rota do Amanh\u00e3\" \/>\n\t\t<meta name=\"twitter:description\" content=\"A Ruta del Cares, no Parque Nacional dos Picos da Europa, \u00e9 o trilho mais famoso da regi\u00e3o, com vistas de cortar a respira\u00e7\u00e3o.\" \/>\n\t\t<meta name=\"twitter:image\" content=\"https:\/\/www.rotadoamanha.com\/wp-content\/uploads\/2025\/04\/RutadelCares_10.jpg\" \/>\n\t\t<meta name=\"twitter:label1\" content=\"Written by\" \/>\n\t\t<meta name=\"twitter:data1\" content=\"Rota do Amanh\u00e3\" \/>\n\t\t<meta name=\"twitter:label2\" content=\"Est. reading time\" \/>\n\t\t<meta name=\"twitter:data2\" content=\"8 minutes\" \/>\n\t\t<script type=\"application\/ld+json\" class=\"aioseo-schema\">\n\t\t\t{\"@context\":\"https:\\\/\\\/schema.org\",\"@graph\":[{\"@type\":\"Article\",\"@id\":\"https:\\\/\\\/www.rotadoamanha.com\\\/en\\\/ruta-del-cares\\\/#article\",\"name\":\"Ruta del Cares: Trilho nos Picos da Europa - Rota do Amanh\\u00e3\",\"headline\":\"Ruta del Cares: Trilho nos Picos da Europa\",\"author\":{\"@id\":\"https:\\\/\\\/www.rotadoamanha.com\\\/en\\\/author\\\/fabioferreira009\\\/#author\"},\"publisher\":{\"@id\":\"https:\\\/\\\/www.rotadoamanha.com\\\/en\\\/#person\"},\"image\":{\"@type\":\"ImageObject\",\"url\":\"https:\\\/\\\/www.rotadoamanha.com\\\/wp-content\\\/uploads\\\/2025\\\/04\\\/RutadelCares_10.jpg\",\"width\":1600,\"height\":900,\"caption\":\"Puente de Los Rebecos\"},\"datePublished\":\"2025-04-29T19:11:32+00:00\",\"dateModified\":\"2026-02-17T20:21:19+00:00\",\"inLanguage\":\"en-US\",\"mainEntityOfPage\":{\"@id\":\"https:\\\/\\\/www.rotadoamanha.com\\\/en\\\/ruta-del-cares\\\/#webpage\"},\"isPartOf\":{\"@id\":\"https:\\\/\\\/www.rotadoamanha.com\\\/en\\\/ruta-del-cares\\\/#webpage\"},\"articleSection\":\"Espanha, Trilhos\"},{\"@type\":\"BreadcrumbList\",\"@id\":\"https:\\\/\\\/www.rotadoamanha.com\\\/en\\\/ruta-del-cares\\\/#breadcrumblist\",\"itemListElement\":[{\"@type\":\"ListItem\",\"@id\":\"https:\\\/\\\/www.rotadoamanha.com\\\/en#listItem\",\"position\":1,\"name\":\"Home\",\"item\":\"https:\\\/\\\/www.rotadoamanha.com\\\/en\",\"nextItem\":{\"@type\":\"ListItem\",\"@id\":\"https:\\\/\\\/www.rotadoamanha.com\\\/en\\\/category\\\/espanha\\\/#listItem\",\"name\":\"Espanha\"}},{\"@type\":\"ListItem\",\"@id\":\"https:\\\/\\\/www.rotadoamanha.com\\\/en\\\/category\\\/espanha\\\/#listItem\",\"position\":2,\"name\":\"Espanha\",\"item\":\"https:\\\/\\\/www.rotadoamanha.com\\\/en\\\/category\\\/espanha\\\/\",\"nextItem\":{\"@type\":\"ListItem\",\"@id\":\"https:\\\/\\\/www.rotadoamanha.com\\\/en\\\/ruta-del-cares\\\/#listItem\",\"name\":\"Ruta del Cares: Trilho nos Picos da Europa\"},\"previousItem\":{\"@type\":\"ListItem\",\"@id\":\"https:\\\/\\\/www.rotadoamanha.com\\\/en#listItem\",\"name\":\"Home\"}},{\"@type\":\"ListItem\",\"@id\":\"https:\\\/\\\/www.rotadoamanha.com\\\/en\\\/ruta-del-cares\\\/#listItem\",\"position\":3,\"name\":\"Ruta del Cares: Trilho nos Picos da Europa\",\"previousItem\":{\"@type\":\"ListItem\",\"@id\":\"https:\\\/\\\/www.rotadoamanha.com\\\/en\\\/category\\\/espanha\\\/#listItem\",\"name\":\"Espanha\"}}]},{\"@type\":\"Person\",\"@id\":\"https:\\\/\\\/www.rotadoamanha.com\\\/en\\\/#person\",\"name\":\"Rota do Amanh\\u00e3\",\"image\":{\"@type\":\"ImageObject\",\"@id\":\"https:\\\/\\\/www.rotadoamanha.com\\\/en\\\/ruta-del-cares\\\/#personImage\",\"url\":\"https:\\\/\\\/secure.gravatar.com\\\/avatar\\\/8d6c536b5ead6f8b5f4573595be7e706a995a80c375f2a186c0708ab084d7440?s=96&d=mm&r=g\",\"width\":96,\"height\":96,\"caption\":\"Rota do Amanh\\u00e3\"}},{\"@type\":\"Person\",\"@id\":\"https:\\\/\\\/www.rotadoamanha.com\\\/en\\\/author\\\/fabioferreira009\\\/#author\",\"url\":\"https:\\\/\\\/www.rotadoamanha.com\\\/en\\\/author\\\/fabioferreira009\\\/\",\"name\":\"Rota do Amanh\\u00e3\",\"image\":{\"@type\":\"ImageObject\",\"@id\":\"https:\\\/\\\/www.rotadoamanha.com\\\/en\\\/ruta-del-cares\\\/#authorImage\",\"url\":\"https:\\\/\\\/secure.gravatar.com\\\/avatar\\\/8d6c536b5ead6f8b5f4573595be7e706a995a80c375f2a186c0708ab084d7440?s=96&d=mm&r=g\",\"width\":96,\"height\":96,\"caption\":\"Rota do Amanh\\u00e3\"}},{\"@type\":\"WebPage\",\"@id\":\"https:\\\/\\\/www.rotadoamanha.com\\\/en\\\/ruta-del-cares\\\/#webpage\",\"url\":\"https:\\\/\\\/www.rotadoamanha.com\\\/en\\\/ruta-del-cares\\\/\",\"name\":\"Ruta del Cares: Trilho nos Picos da Europa - Rota do Amanh\\u00e3\",\"description\":\"A Ruta del Cares, no Parque Nacional dos Picos da Europa, \\u00e9 o trilho mais famoso da regi\\u00e3o, com vistas de cortar a respira\\u00e7\\u00e3o.\",\"inLanguage\":\"en-US\",\"isPartOf\":{\"@id\":\"https:\\\/\\\/www.rotadoamanha.com\\\/en\\\/#website\"},\"breadcrumb\":{\"@id\":\"https:\\\/\\\/www.rotadoamanha.com\\\/en\\\/ruta-del-cares\\\/#breadcrumblist\"},\"author\":{\"@id\":\"https:\\\/\\\/www.rotadoamanha.com\\\/en\\\/author\\\/fabioferreira009\\\/#author\"},\"creator\":{\"@id\":\"https:\\\/\\\/www.rotadoamanha.com\\\/en\\\/author\\\/fabioferreira009\\\/#author\"},\"image\":{\"@type\":\"ImageObject\",\"url\":\"https:\\\/\\\/www.rotadoamanha.com\\\/wp-content\\\/uploads\\\/2025\\\/04\\\/RutadelCares_10.jpg\",\"@id\":\"https:\\\/\\\/www.rotadoamanha.com\\\/en\\\/ruta-del-cares\\\/#mainImage\",\"width\":1600,\"height\":900,\"caption\":\"Puente de Los Rebecos\"},\"primaryImageOfPage\":{\"@id\":\"https:\\\/\\\/www.rotadoamanha.com\\\/en\\\/ruta-del-cares\\\/#mainImage\"},\"datePublished\":\"2025-04-29T19:11:32+00:00\",\"dateModified\":\"2026-02-17T20:21:19+00:00\"},{\"@type\":\"WebSite\",\"@id\":\"https:\\\/\\\/www.rotadoamanha.com\\\/en\\\/#website\",\"url\":\"https:\\\/\\\/www.rotadoamanha.com\\\/en\\\/\",\"name\":\"Rota do Amanh\\u00e3\",\"description\":\"Site de viagens\",\"inLanguage\":\"en-US\",\"publisher\":{\"@id\":\"https:\\\/\\\/www.rotadoamanha.com\\\/en\\\/#person\"}}]}\n\t\t<\/script>\n\t\t<!-- All in One SEO -->\n\n","aioseo_head_json":{"title":"Ruta del Cares: Trilho nos Picos da Europa - Rota do Amanh\u00e3","description":"A Ruta del Cares, no Parque Nacional dos Picos da Europa, \u00e9 o trilho mais famoso da regi\u00e3o, com vistas de cortar a respira\u00e7\u00e3o.","canonical_url":"https:\/\/www.rotadoamanha.com\/en\/ruta-del-cares\/","robots":"max-image-preview:large","keywords":"","webmasterTools":{"p:domain_verify":"1ee7d58ebe1832d865d7e754ac4da021","miscellaneous":""},"schema":{"@context":"https:\/\/schema.org","@graph":[{"@type":"Article","@id":"https:\/\/www.rotadoamanha.com\/en\/ruta-del-cares\/#article","name":"Ruta del Cares: Trilho nos Picos da Europa - Rota do Amanh\u00e3","headline":"Ruta del Cares: Trilho nos Picos da Europa","author":{"@id":"https:\/\/www.rotadoamanha.com\/en\/author\/fabioferreira009\/#author"},"publisher":{"@id":"https:\/\/www.rotadoamanha.com\/en\/#person"},"image":{"@type":"ImageObject","url":"https:\/\/www.rotadoamanha.com\/wp-content\/uploads\/2025\/04\/RutadelCares_10.jpg","width":1600,"height":900,"caption":"Puente de Los Rebecos"},"datePublished":"2025-04-29T19:11:32+00:00","dateModified":"2026-02-17T20:21:19+00:00","inLanguage":"en-US","mainEntityOfPage":{"@id":"https:\/\/www.rotadoamanha.com\/en\/ruta-del-cares\/#webpage"},"isPartOf":{"@id":"https:\/\/www.rotadoamanha.com\/en\/ruta-del-cares\/#webpage"},"articleSection":"Espanha, Trilhos"},{"@type":"BreadcrumbList","@id":"https:\/\/www.rotadoamanha.com\/en\/ruta-del-cares\/#breadcrumblist","itemListElement":[{"@type":"ListItem","@id":"https:\/\/www.rotadoamanha.com\/en#listItem","position":1,"name":"Home","item":"https:\/\/www.rotadoamanha.com\/en","nextItem":{"@type":"ListItem","@id":"https:\/\/www.rotadoamanha.com\/en\/category\/espanha\/#listItem","name":"Espanha"}},{"@type":"ListItem","@id":"https:\/\/www.rotadoamanha.com\/en\/category\/espanha\/#listItem","position":2,"name":"Espanha","item":"https:\/\/www.rotadoamanha.com\/en\/category\/espanha\/","nextItem":{"@type":"ListItem","@id":"https:\/\/www.rotadoamanha.com\/en\/ruta-del-cares\/#listItem","name":"Ruta del Cares: Trilho nos Picos da Europa"},"previousItem":{"@type":"ListItem","@id":"https:\/\/www.rotadoamanha.com\/en#listItem","name":"Home"}},{"@type":"ListItem","@id":"https:\/\/www.rotadoamanha.com\/en\/ruta-del-cares\/#listItem","position":3,"name":"Ruta del Cares: Trilho nos Picos da Europa","previousItem":{"@type":"ListItem","@id":"https:\/\/www.rotadoamanha.com\/en\/category\/espanha\/#listItem","name":"Espanha"}}]},{"@type":"Person","@id":"https:\/\/www.rotadoamanha.com\/en\/#person","name":"Rota do Amanh\u00e3","image":{"@type":"ImageObject","@id":"https:\/\/www.rotadoamanha.com\/en\/ruta-del-cares\/#personImage","url":"https:\/\/secure.gravatar.com\/avatar\/8d6c536b5ead6f8b5f4573595be7e706a995a80c375f2a186c0708ab084d7440?s=96&d=mm&r=g","width":96,"height":96,"caption":"Rota do Amanh\u00e3"}},{"@type":"Person","@id":"https:\/\/www.rotadoamanha.com\/en\/author\/fabioferreira009\/#author","url":"https:\/\/www.rotadoamanha.com\/en\/author\/fabioferreira009\/","name":"Rota do Amanh\u00e3","image":{"@type":"ImageObject","@id":"https:\/\/www.rotadoamanha.com\/en\/ruta-del-cares\/#authorImage","url":"https:\/\/secure.gravatar.com\/avatar\/8d6c536b5ead6f8b5f4573595be7e706a995a80c375f2a186c0708ab084d7440?s=96&d=mm&r=g","width":96,"height":96,"caption":"Rota do Amanh\u00e3"}},{"@type":"WebPage","@id":"https:\/\/www.rotadoamanha.com\/en\/ruta-del-cares\/#webpage","url":"https:\/\/www.rotadoamanha.com\/en\/ruta-del-cares\/","name":"Ruta del Cares: Trilho nos Picos da Europa - Rota do Amanh\u00e3","description":"A Ruta del Cares, no Parque Nacional dos Picos da Europa, \u00e9 o trilho mais famoso da regi\u00e3o, com vistas de cortar a respira\u00e7\u00e3o.","inLanguage":"en-US","isPartOf":{"@id":"https:\/\/www.rotadoamanha.com\/en\/#website"},"breadcrumb":{"@id":"https:\/\/www.rotadoamanha.com\/en\/ruta-del-cares\/#breadcrumblist"},"author":{"@id":"https:\/\/www.rotadoamanha.com\/en\/author\/fabioferreira009\/#author"},"creator":{"@id":"https:\/\/www.rotadoamanha.com\/en\/author\/fabioferreira009\/#author"},"image":{"@type":"ImageObject","url":"https:\/\/www.rotadoamanha.com\/wp-content\/uploads\/2025\/04\/RutadelCares_10.jpg","@id":"https:\/\/www.rotadoamanha.com\/en\/ruta-del-cares\/#mainImage","width":1600,"height":900,"caption":"Puente de Los Rebecos"},"primaryImageOfPage":{"@id":"https:\/\/www.rotadoamanha.com\/en\/ruta-del-cares\/#mainImage"},"datePublished":"2025-04-29T19:11:32+00:00","dateModified":"2026-02-17T20:21:19+00:00"},{"@type":"WebSite","@id":"https:\/\/www.rotadoamanha.com\/en\/#website","url":"https:\/\/www.rotadoamanha.com\/en\/","name":"Rota do Amanh\u00e3","description":"Site de viagens","inLanguage":"en-US","publisher":{"@id":"https:\/\/www.rotadoamanha.com\/en\/#person"}}]},"og:locale":"en_US","og:site_name":"Rota do Amanh\u00e3","og:type":"article","og:title":"Ruta del Cares: Trilho nos Picos da Europa - Rota do Amanh\u00e3","og:description":"A Ruta del Cares, no Parque Nacional dos Picos da Europa, \u00e9 o trilho mais famoso da regi\u00e3o, com vistas de cortar a respira\u00e7\u00e3o.","og:url":"https:\/\/www.rotadoamanha.com\/en\/ruta-del-cares\/","og:image":"https:\/\/www.rotadoamanha.com\/wp-content\/uploads\/2025\/04\/RutadelCares_10.jpg","og:image:secure_url":"https:\/\/www.rotadoamanha.com\/wp-content\/uploads\/2025\/04\/RutadelCares_10.jpg","og:image:width":"1600","og:image:height":"900","article:published_time":"2025-04-29T19:11:32+00:00","article:modified_time":"2026-02-17T20:21:19+00:00","article:publisher":"https:\/\/www.facebook.com\/rotadoamanha","twitter:card":"summary_large_image","twitter:title":"Ruta del Cares: Trilho nos Picos da Europa - Rota do Amanh\u00e3","twitter:description":"A Ruta del Cares, no Parque Nacional dos Picos da Europa, \u00e9 o trilho mais famoso da regi\u00e3o, com vistas de cortar a respira\u00e7\u00e3o.","twitter:image":"https:\/\/www.rotadoamanha.com\/wp-content\/uploads\/2025\/04\/RutadelCares_10.jpg","twitter:label1":"Written by","twitter:data1":"Rota do Amanh\u00e3","twitter:label2":"Est. reading time","twitter:data2":"8 minutes"},"aioseo_meta_data":{"post_id":"8238","title":"#post_title #separator_sa #site_title","description":"A Ruta del Cares, no Parque Nacional dos Picos da Europa, \u00e9 o trilho mais famoso da regi\u00e3o, com vistas de cortar a respira\u00e7\u00e3o.","keywords":null,"keyphrases":{"focus":{"keyphrase":"Ruta del Cares","score":97},"additional":[]},"primary_term":null,"canonical_url":null,"og_title":null,"og_description":null,"og_object_type":"default","og_image_type":"featured","og_image_url":"https:\/\/www.rotadoamanha.com\/wp-content\/uploads\/2025\/04\/RutadelCares_10.jpg","og_image_width":"1600","og_image_height":"900","og_image_custom_url":null,"og_image_custom_fields":null,"og_video":"","og_custom_url":null,"og_article_section":null,"og_article_tags":null,"twitter_use_og":false,"twitter_card":"default","twitter_image_type":"featured","twitter_image_url":"https:\/\/www.rotadoamanha.com\/wp-content\/uploads\/2025\/04\/RutadelCares_10.jpg","twitter_image_custom_url":null,"twitter_image_custom_fields":null,"twitter_title":null,"twitter_description":null,"schema":{"blockGraphs":[],"customGraphs":[],"default":{"data":{"Article":[],"Course":[],"Dataset":[],"FAQPage":[],"Movie":[],"Person":[],"Product":[],"ProductReview":[],"Car":[],"Recipe":[],"Service":[],"SoftwareApplication":[],"WebPage":[]},"graphName":"Article","isEnabled":true},"graphs":[]},"schema_type":"default","schema_type_options":null,"pillar_content":false,"robots_default":true,"robots_noindex":false,"robots_noarchive":false,"robots_nosnippet":false,"robots_nofollow":false,"robots_noimageindex":false,"robots_noodp":false,"robots_notranslate":false,"robots_max_snippet":"-1","robots_max_videopreview":"-1","robots_max_imagepreview":"large","priority":null,"frequency":"default","local_seo":null,"breadcrumb_settings":null,"limit_modified_date":false,"ai":null,"created":"2025-04-29 14:55:26","updated":"2026-08-28 15:27:15","seo_analyzer_scan_date":null,"focus_keyword":"Ruta del Cares","additional_keywords":null,"truseo_locale":null},"aioseo_breadcrumb":"<div class=\"aioseo-breadcrumbs\"><span class=\"aioseo-breadcrumb\">\n\t\t\t<a href=\"https:\/\/www.rotadoamanha.com\/en\" title=\"Home\">Home<\/a>\n\t\t<\/span><span class=\"aioseo-breadcrumb-separator\">&raquo;<\/span><span class=\"aioseo-breadcrumb\">\n\t\t\t<a href=\"https:\/\/www.rotadoamanha.com\/en\/category\/espanha\/\" title=\"Espanha\">Espanha<\/a>\n\t\t<\/span><span class=\"aioseo-breadcrumb-separator\">&raquo;<\/span><span class=\"aioseo-breadcrumb\">\n\t\t\tRuta del Cares: Trilho nos Picos da Europa\n\t\t<\/span><\/div>","aioseo_breadcrumb_json":[{"label":"Home","link":"https:\/\/www.rotadoamanha.com\/en"},{"label":"Espanha","link":"https:\/\/www.rotadoamanha.com\/en\/category\/espanha\/"},{"label":"Ruta del Cares: Trilho nos Picos da Europa","link":"https:\/\/www.rotadoamanha.com\/en\/ruta-del-cares\/"}],"uagb_featured_image_src":{"full":["https:\/\/www.rotadoamanha.com\/wp-content\/uploads\/2025\/04\/RutadelCares_10.jpg",1600,900,false],"thumbnail":["https:\/\/www.rotadoamanha.com\/wp-content\/uploads\/2025\/04\/RutadelCares_10-150x150.jpg",150,150,true],"medium":["https:\/\/www.rotadoamanha.com\/wp-content\/uploads\/2025\/04\/RutadelCares_10-300x169.jpg",300,169,true],"medium_large":["https:\/\/www.rotadoamanha.com\/wp-content\/uploads\/2025\/04\/RutadelCares_10-768x432.jpg",768,432,true],"large":["https:\/\/www.rotadoamanha.com\/wp-content\/uploads\/2025\/04\/RutadelCares_10-1024x576.jpg",1024,576,true],"1536x1536":["https:\/\/www.rotadoamanha.com\/wp-content\/uploads\/2025\/04\/RutadelCares_10-1536x864.jpg",1536,864,true],"2048x2048":["https:\/\/www.rotadoamanha.com\/wp-content\/uploads\/2025\/04\/RutadelCares_10.jpg",1600,900,false],"trp-custom-language-flag":["https:\/\/www.rotadoamanha.com\/wp-content\/uploads\/2025\/04\/RutadelCares_10-18x10.jpg",18,10,true]},"uagb_author_info":{"display_name":"Rota do Amanh\u00e3","author_link":"https:\/\/www.rotadoamanha.com\/en\/author\/fabioferreira009\/"},"uagb_comment_info":0,"uagb_excerpt":"A Ruta del Cares, tamb\u00e9m conhecida como Garganta Divina, \u00e9 um destino que praticamente todos os f\u00e3s de caminhada j\u00e1 ouviram falar. Primeiro pela sua localiza\u00e7\u00e3o: no incr\u00edvel Parque Nacional dos Picos de Europa. E seguidamente pela beleza e hist\u00f3ria que det\u00e9m. Hist\u00f3ria da Ruta del Cares e Trilho A Ruta del Cares consiste no&hellip;","_links":{"self":[{"href":"https:\/\/www.rotadoamanha.com\/en\/wp-json\/wp\/v2\/posts\/8238","targetHints":{"allow":["GET"]}}],"collection":[{"href":"https:\/\/www.rotadoamanha.com\/en\/wp-json\/wp\/v2\/posts"}],"about":[{"href":"https:\/\/www.rotadoamanha.com\/en\/wp-json\/wp\/v2\/types\/post"}],"author":[{"embeddable":true,"href":"https:\/\/www.rotadoamanha.com\/en\/wp-json\/wp\/v2\/users\/1"}],"replies":[{"embeddable":true,"href":"https:\/\/www.rotadoamanha.com\/en\/wp-json\/wp\/v2\/comments?post=8238"}],"version-history":[{"count":5,"href":"https:\/\/www.rotadoamanha.com\/en\/wp-json\/wp\/v2\/posts\/8238\/revisions"}],"predecessor-version":[{"id":8286,"href":"https:\/\/www.rotadoamanha.com\/en\/wp-json\/wp\/v2\/posts\/8238\/revisions\/8286"}],"wp:featuredmedia":[{"embeddable":true,"href":"https:\/\/www.rotadoamanha.com\/en\/wp-json\/wp\/v2\/media\/8258"}],"wp:attachment":[{"href":"https:\/\/www.rotadoamanha.com\/en\/wp-json\/wp\/v2\/media?parent=8238"}],"wp:term":[{"taxonomy":"category","embeddable":true,"href":"https:\/\/www.rotadoamanha.com\/en\/wp-json\/wp\/v2\/categories?post=8238"},{"taxonomy":"post_tag","embeddable":true,"href":"https:\/\/www.rotadoamanha.com\/en\/wp-json\/wp\/v2\/tags?post=8238"}],"curies":[{"name":"wp","href":"https:\/\/api.w.org\/{rel}","templated":true}]}}